{"id":99473,"date":"2025-09-07T14:28:14","date_gmt":"2025-09-07T14:28:14","guid":{"rendered":"https:\/\/www.europesays.com\/es\/99473\/"},"modified":"2025-09-07T14:28:14","modified_gmt":"2025-09-07T14:28:14","slug":"eurolider-feminista-feministas-hermosas-y-ridiculas-compiten-en-un-reality-show-nortes","status":"publish","type":"post","link":"https:\/\/www.europesays.com\/es\/99473\/","title":{"rendered":"Eurol\u00edder feminista: feministas hermosas y rid\u00edculas compiten en un reality show &#8211; Nortes"},"content":{"rendered":"<p>Atiende la entrevista en un impasse de los ensayos de lo que ser\u00e1 ya su cuarta producci\u00f3n, <strong>\u201cEurol\u00edder feminista\u201d<\/strong>, que \u201ces casi como un First Dates\u201d. En plena campa\u00f1a de <a href=\"https:\/\/www.verkami.com\/projects\/41576-apoya-el-teatro-independiente-asturiano\" rel=\"nofollow noopener\" target=\"_blank\">Verkami<\/a> para financiar la producci\u00f3n, la autora y actriz <strong>Alba. G, Alba Gil, Alba Gil Men\u00e9s<\/strong>, alma mater de la productora asturiana <a href=\"https:\/\/palomica.es\/\" rel=\"nofollow noopener\" target=\"_blank\">Palomica Lloca<\/a>, nos habla del salto que ha dado desde su anterior trabajo,<strong> \u201cLa voz recordada\u201d<\/strong>, hasta este, que ver\u00e1 la luz el 3 de octubre en <strong>Mieres<\/strong>. <\/p>\n<p><strong>La PAC, el teatro asturiano y la complacencia<\/strong><strong\/><\/p>\n<p>El salto no solo tiene que ver con el paso al gran formato -\u201cgran formato underground\u201d, puntualiza-, sino con una vuelta a la incomodidad. Su tercera producci\u00f3n,\u00a0<strong>\u201cLa voz recordada\u201d<\/strong>,\u00a0\u201cera un homenaje a grandes figuras femeninas en la historia de la m\u00fasica reciente, muy preciosista, con un cuarteto de cuerda, una escenograf\u00eda dise\u00f1ada a base de ganchillo, donde todo era precioso y delicado\u201d y, despu\u00e9s de su estreno, \u201cme di cuenta de que yo no pod\u00eda con aquello, porque soy un personaje al que se le da bien destapar lo inc\u00f3modo y sostenerlo\u201d. Y, en esa pieza no hab\u00eda conflicto, porque \u201cno hab\u00edamos incluido nada inc\u00f3modo que poder destapar y, de alguna manera, me pareci\u00f3 que pod\u00eda dejar de interesarme a m\u00ed y al p\u00fablico\u201d, a pesar de que lo siguen moviendo por salas y \u201cno puedo decir que no funcione\u201d.<\/p>\n<p>\u201cDe todas formas\u201d, puntualiza, \u201cya sabes que yo puedo desvelar\u00a0lo inc\u00f3modo como un halo de luz, sin se\u00f1alar a nadie, sin culpabilizar\u201d, dice, apelando a la relaci\u00f3n de d\u00e9cadas con quien firma estas l\u00edneas. Y quiz\u00e1 recordando tambi\u00e9n su primera apuesta esc\u00e9nica, \u201c<strong><a href=\"https:\/\/www.nortes.me\/2021\/01\/30\/el-cuerpo-no-admite-el-autoengano\/\" rel=\"nofollow noopener\" target=\"_blank\">Mordiendo la verdad\u201d <\/a><\/strong>,\u00a0todav\u00eda en <a href=\"https:\/\/www.nortes.me\/2021\/10\/08\/mordiendo-la-verdad-llega-al-filarmonica-de-la-mano-de-milenta-muyeres\/\" rel=\"nofollow noopener\" target=\"_blank\">gira<\/a>, en la que juega a conmover al p\u00fablico con un espect\u00e1culo de autoficci\u00f3n po\u00e9tico y musical sobre las violencias machistas y en el que dibuja certera pero afectivamente a agresores y supervivientes, en un hilo que la conecta con trabajos como el de la escritora feminista <strong>Itziar Ziga<\/strong> en<strong> \u201c<a href=\"https:\/\/www.nortes.me\/2022\/03\/02\/si-pensamos-que-unicamente-nos-han-jodido-en-la-vida-entonces-nos-han-ganado\/\" rel=\"nofollow noopener\" target=\"_blank\">La feliz y violenta vida de Maribel Ziga\u201d<\/a><\/strong>. <\/p>\n<p>Parece que antes de hablar de<strong> \u201cEurol\u00edder feminista\u201d<\/strong>, <strong>Alba. G<\/strong> necesita mojarse. O, mejor dicho, para explicar el salto de una producci\u00f3n a otra, la posici\u00f3n creativa desde la que se ubica ahora, no le queda otra. \u201cEstoy muy en el mojarme\u201d, repite, y habla del paso de La voz\u00a0a\u00a0Eurol\u00edder\u00a0con un particular ejemplo, casi a modo de par\u00e1bola. \u201cHace tres a\u00f1os comenc\u00e9 a trabajar gestionando las ayudas de la PAC, algo que me tom\u00e9 como una performance al principio, aunque el segundo a\u00f1o ya me pesaba bastante\u201d, relata Gil, \u201ctrabajando con ganaderos y con movidas muy muy t\u00e9cnicas\u201d y finalmente \u201cllegu\u00e9 a la conclusi\u00f3n de que, desde Europa, metieron fondos y ayudas al sector ganadero para destruir a la ganader\u00eda\u201d. Se detiene y sigue la exposici\u00f3n: \u201cel tiempo que las paisanas y los paisanos pasan tramitando las PACs, la subvenciones, el cuaderno agrario, etc., es tiempo que dejan de dedicar a su propio oficio de la ganader\u00eda\u201d, por lo que \u201cser ganadera o ganadero hoy en d\u00eda implica tambi\u00e9n tener que rellenar formularios y papeleo\u201d<\/p>\n<p><img loading=\"lazy\" decoding=\"async\" width=\"1024\" height=\"682\" src=\"https:\/\/www.europesays.com\/es\/wp-content\/uploads\/2025\/09\/Alba1-1024x682.jpg\" alt=\"\" class=\"wp-image-8855\"  \/>La poeta, cantante y dramaturga Alba G.<\/p>\n<p>Bien, \u201cpues al sector art\u00edstico nos est\u00e1 empezando a pasar lo mismo. Meten dinero para distraernos de la creaci\u00f3n y la producci\u00f3n art\u00edstica y que el arte muera\u201d. En realidad, confiesa, cuenta esto para hablar del campo de la cultura asturiana en particular, y la estatal en general, pero tambi\u00e9n de s\u00ed misma. Con La voz\u00a0recordada, sin quererlo, \u201cestaba proponiendo una pieza complaciente, fuera de pol\u00e9mica\u201d, uni\u00e9ndose a algo que describe como una suerte de corriente casi an\u00f3mica del campo cultural que \u201cimplica miedo a la p\u00e9rdida de financiaci\u00f3n p\u00fablica por ser pol\u00e9micos, controvertidas y arriesgadas\u201d y, se sincera a\u00fan m\u00e1s, \u201cyo no quiero crear espect\u00e1culos que tengan miedo a activar duda o incomodidad en el p\u00fablico y que, al salir del teatro, este s\u00f3lo piense \u00abqu\u00e9 bonito\u00bb\u201d. \u00a0<\/p>\n<blockquote class=\"wp-block-quote is-layout-flow wp-block-quote-is-layout-flow\">\n<p>\u201cYo no quiero crear espect\u00e1culos que tengan miedo a activar duda\u201d<\/p>\n<\/blockquote>\n<p>Todav\u00eda debemos esperar un poco m\u00e1s para conocer detalles sobre\u00a0Eurol\u00edder\u00a0feminista, porque a la autora le interesa hablar del contexto de las \u00faltimas d\u00e9cadas que lo envuelve. \u201cTe digo que, en general, hay un sometimiento creativo a las subvenciones en Asturias que hace que mucho de lo que se produzca sea aburrido, provocando una disposici\u00f3n en el p\u00fablico por la que se baja el list\u00f3n y no se espera nada nuevo. \u00a1Y no me extra\u00f1a!\u201d. Se detiene en algunos ejemplos concretos, \u201chay una tendencia a colocar la identidad asturiana como se\u00f1uelo para conseguir financiaci\u00f3n\u201d, as\u00ed como \u201chay una mirada en la producci\u00f3n que est\u00e1 atenta a descubrir cu\u00e1l es la tendencia de lo pol\u00edticamente correcto para aprovecharlo y seguir en el ruedo: se\u00f1ores que nunca se acercaron a una visi\u00f3n pol\u00edtica feminista, haciendo obras as\u00e9pticas sobre violencia de g\u00e9nero\u201d. Ahondando, apunta a que \u201cabordar la militancia y las luchas sociales sociales fuertemente vinculadas al anticapitalismo como un nicho de mercado, buscando primero la rentabilidad, hace que estas dejen de ser interesantes y se desvirt\u00faen\u201d. Califica este escenario como un \u201crollo\u201d y a la sociedad asturiana como \u201cmucho m\u00e1s vanguardista y moderna de lo que se est\u00e1 atreviendo a ser ahora\u201d, afirmando que \u201clo s\u00e9 porque ya lo fue\u201d. Gil hace una llamada a posicionarse, \u201cprotegiendo lo m\u00e1s valioso que tenemos y dejando de vendernos. Te digo que estamos adormecidas, que estamos adormecidos\u201d.<\/p>\n<p>Echa mano de la memoria reciente y rememora su paso -nuestro paso- por el <strong>Local Creativo Para\u00edso<\/strong>, un garaje art\u00edstico pegado a la muralla de <strong>Uvi\u00e9u<\/strong>, \u201cdonde trajimos cosas m\u00e1s conflictivas, potentes y transformadoras\u201d y, a\u00f1os despu\u00e9s, \u201cveo que una buena parte del teatro est\u00e1 homogeneizado y perdiendo su valor fundamental: ayudarnos a repensar la realidad e incluso incomodar, por supuesto, como la propia vida, que es en ocasiones acertadamente inc\u00f3moda\u201d, aunque reconoce \u201cque muchas de las cosas que vinieron de nuestra parte, del underground, tambi\u00e9n se han domesticado\u201d.<\/p>\n<p><strong>Esquivar el f\u00e9retro rosa<\/strong><strong\/><\/p>\n<p>Ya nos vamos acercando. \u201cEurol\u00edder feminista\u00a0es una hija bastarda de la obra anterior, porque, a pesar de que sigue teniendo el feminismo en el centro, esta vez pone el foco en lo que no funciona, el en conflicto, m\u00e1s que en lo bien que lo estamos haciendo\u201d, y a\u00f1ade: \u201cabriendo un poco la herida\u201d. Pero, \u00bfcu\u00e1l es el argumento de la obra? \u201cEs un espejo de los feminismos de los \u00faltimos diez a\u00f1os, que nos muestra c\u00f3mo se han deformado, como se desinfl\u00f3 la potencia de hace una d\u00e9cada y las personas individuales que all\u00ed est\u00e1bamos nos fuimos a trabajar, se hicieron funcionarias, se casaron, compraron casa y ninguna hicimos el duelo por la p\u00e9rdida, por lo que quiero contar nuestra vida, para que no nos la roben\u201d.<\/p>\n<p>Rememora tiempos no tan lejanos de\u00a0feminismo asturiano autogestionado y de okupaci\u00f3n quincemera, en los que \u201chicimos cosas como performances pornoterroristas en la Catedral de Oviedo\u201d sobre fuertes pilares que hab\u00edamos construido, como \u201cla colectividad, las redes de apoyo, los espacios de encuentro al margen de la rentabilidad econ\u00f3mica, la alegr\u00eda\u2026 la alegr\u00eda de lo genuino ante el peso de la gesti\u00f3n\u201d. Para ella, en resumen, se trat\u00f3 de la elecci\u00f3n de la \u201cprecariedad econ\u00f3mica como opci\u00f3n en la que poder habitar\u201d ante un mundo de gesti\u00f3n y subvenciones que se ubica como el otro polo de la tensi\u00f3n. \u201cAcu\u00e9rdate\u201d, interpela, \u201cest\u00e1bamos cincuenta t\u00edas felices bebiendo steinburgs\u00a0mientras mont\u00e1bamos el bingo feminista del domingo siguiente\u201d y, apunta, sonriendo muy seria, \u201ctambi\u00e9n nos cansamos de no tener dinero, de pelearnos entre nosotras, y nos fuimos muy r\u00e1pido a la otra vida, la vida de la estabilidad y de la anulaci\u00f3n del conflicto\u201d.<\/p>\n<p><img loading=\"lazy\" decoding=\"async\" width=\"587\" height=\"1024\" src=\"https:\/\/www.europesays.com\/es\/wp-content\/uploads\/2025\/09\/alba_madrena-587x1024.jpg\" alt=\"\" class=\"wp-image-37177\"  \/>Alba G. en una manifestaci\u00f3n contra el desalojo del CSOA La Madre\u00f1a de Uvi\u00e9u. Foto: Pablo Lorenzana<\/p>\n<p>Habla apasionada y sin nostalgia, como si Eurol\u00edder feminista\u00a0llegara para ponderar estas tensiones, para volver a colocarnos all\u00ed: la gesti\u00f3n de la PAC o la ganader\u00eda viva, el aburrimiento complaciente por la subvenci\u00f3n o la creatividad por la incomodidad, la precariedad o la estabilidad. Para hacernos recordar: \u201centiendo que nos fu\u00e9ramos, nos fuimos agotadas al otro puesto, \u00abme caso, me compro una casa, me muero y me pongo un f\u00e9retro rosa\u00bb, pero yo no quiero eso, quiero estar en el margen como una opci\u00f3n digna donde surgen un mont\u00f3n de redes, apoyos y otras cosas m\u00e1gicas\u201d.<\/p>\n<p><strong>Feministas hermosas y rid\u00edculas en un reality-show<\/strong><strong\/><\/p>\n<p>Y ya s\u00ed. Eurol\u00edder feminista, en un sentido estricto y sin\u00f3ptico, habla de c\u00f3mo \u201cel avance imparable de los feminismos ha culminado con la creaci\u00f3n de un cargo pol\u00edtico global que es la primera Eurol\u00edder Feminista: la se\u00f1ora que estar\u00e1 encargada de defender los derechos de las mujeres en el mundo\u201d. Como p\u00fablico, podremos atender a \u201cla final en la que se elegir\u00e1 a nuestra representante, un evento pol\u00edtico-reality, donde est\u00e1n las tres candidatas finales que se disputan el cargo a trav\u00e9s de pruebas feministas\u201d, se r\u00ede, \u201cpara saber qui\u00e9n es la m\u00e1s feminista de todas\u2026 Y, claro, Espa\u00f1a es el pa\u00eds piloto elegido para ello y la sede del concurso es el Congreso de los diputados\u201d.<\/p>\n<p><img loading=\"lazy\" decoding=\"async\" width=\"1024\" height=\"1024\" src=\"https:\/\/www.europesays.com\/es\/wp-content\/uploads\/2025\/09\/image-67-1024x1024.png\" alt=\"\" class=\"wp-image-106880\"  \/>Alba G. Foto: Nai Semeya<\/p>\n<p>Siguiendo el contexto que ha desarrollado hasta ahora, el inter\u00e9s de Alba. G con la obra es \u201campliar la visi\u00f3n de si el feminismo, si la pol\u00edtica, solo puede ser si est\u00e1 integrada en la pol\u00edtica en may\u00fasculas, en el poder\u201d, porque, desde luego, \u201cla mejor estrategia para disolver lo que tiene potencia, como ha sido el feminismo, es integrarlo en la gesti\u00f3n pol\u00edtica\u201d. Eurol\u00edder\u00a0parte de la idea de que \u201cel feminismo ha conseguido plantear alternativas reales al margen del sistema, porque date cuenta de que hasta puede plantear un sistema econ\u00f3mico propio desde la econom\u00eda feminista; c\u00f3mo deben ser las ciudades y pueblos v\u00eda el urbanismo feminista, formas de contemplar el mundo desde las teor\u00edas filos\u00f3ficas feministas, etc.\u201d por lo que ha sido muy poderoso, \u201cy ahora parece que siempre ha pertenecido al mundo de la gesti\u00f3n pol\u00edtica, como si no hubiera estado integrado m\u00e1s en la vida, en nuestras vidas\u201d. Esta cr\u00edtica de la autora al feminismo de las \u00faltimas d\u00e9cadas implica asumir una idea de fondo, que \u201cel feminismo y nosotras, sus personas, nunca vamos a poder pertenecer al sistema, que es tan perverso que nos hace creer que podemos ser alcaldesas de nuestro pueblo o una Eurol\u00edder que viene del punk, para destruirnos por el camino\u201d.<\/p>\n<p>Supone una gran producci\u00f3n underground, con un equipo pr\u00e1cticamente compuesto por mujeres y que se ha consolidado a lo largo de la andadura de Palomica Lloca. Con \u201cEurol\u00edder feminista\u201d\u00a0han pasado \u201cal gran formato, llevamos pantallas gigantes con creaciones audiovisuales, una escenograf\u00eda muy potente, pero\u201d, apostilla Alba. G, \u201chemos querido en todo momento mantener una esencia que no sea plasticosa, con una apuesta decidida por lo alternativo, pero en formato grande, que no sea un escaparate, sino que elementos como la escenograf\u00eda est\u00e9n al servicio del proceso creativo\u201d.<\/p>\n<p>Una gran producci\u00f3n desde lo feminista y lo rural, como se autodenomina su productora, y eso les permite estar \u201cen la mejor posici\u00f3n para hacer una cr\u00edtica feminista al feminismo, que no genere una otredad\u201d, porque, frunce el ce\u00f1o de manera inconsciente, \u201c\u00bfqu\u00e9 escena se nos est\u00e1 quedando si no tenemos posibilidad de hacer autocr\u00edtica dentro del feminismo? Lo otro ser\u00eda estar en Forocoches\u201d. M\u00e1s all\u00e1 de lo manido de la palabra, para Alba. G, \u201cla autocr\u00edtica esconde un profundo deseo de seguir habitando ese lugar, a pesar de que en las \u00faltimas d\u00e9cadas nos hayamos acabado frustrando dentro del movimiento feminista\u201d, porque queda claro que \u201cqueremos seguir habit\u00e1ndolo, reconocernos como hermosas, frustradas y rid\u00edculas a la vez, seguir peleando por algo que lo merece\u201d.<\/p>\n<p>Una pregunta que antecede al cierre es convertida por la artista en una nueva reflexi\u00f3n. \u201cSobre los pr\u00f3ximos pasos te dir\u00e9 que esta obra nace del coraz\u00f3n y de la entra\u00f1a y estamos cuidando much\u00edsimo los pasos, porque no queremos tener \u00abla presi\u00f3n de\u00bb\u201d, as\u00ed que tras el estreno en Mieres y de la representaci\u00f3n para p\u00fablico de la campa\u00f1a de apoyo en <strong>Corvera<\/strong>, ver\u00e1n qu\u00e9 sucede. C\u00f3mo trat\u00f3 de explicar con la par\u00e1bola de la PAC, en esta ocasi\u00f3n \u201cno queremos hacer una obra para que entre en una subvenci\u00f3n o en la red de salas, as\u00ed que no te puedo decir si los siguientes pasos ser\u00e1n ir a una gran sala o actuar en una okupa\u201d. Lo que tiene claro es que \u201cvamos a ir donde nos quieran, porque en esta vida hay que aprender a identificar donde te quieren de verdad, y no quienes te quieren programar el 25N o el 8M y chao\u201d. <\/p>\n<p>Alegato final. Apela a la \u201cvalent\u00eda de la gente para que incluya obras como Eurol\u00edder todo el a\u00f1o\u201d y apuesta por \u201cdesenfocar el calendario oficial, hay que habitar el feminismo todos los d\u00edas otra vez, porque, adem\u00e1s, nos hace felices\u201d. Nota al pie de conversaci\u00f3n: \u201ctambi\u00e9n nos hace felices apoyar la campa\u00f1a de financiaci\u00f3n de la obra\u201d, se r\u00ede.<\/p>\n","protected":false},"excerpt":{"rendered":"Atiende la entrevista en un impasse de los ensayos de lo que ser\u00e1 ya su cuarta producci\u00f3n, \u201cEurol\u00edder&hellip;\n","protected":false},"author":2,"featured_media":99474,"comment_status":"","ping_status":"","sticky":false,"template":"","format":"standard","meta":{"footnotes":""},"categories":[171],"tags":[35379,35380,146,147,25,24,35381,35382,35383,23,1651,35384,214],"class_list":{"0":"post-99473","1":"post","2":"type-post","3":"status-publish","4":"format-standard","5":"has-post-thumbnail","7":"category-tv","8":"tag-actualidad_cabecera","9":"tag-alba-g","10":"tag-entertainment","11":"tag-entretenimiento","12":"tag-es","13":"tag-espana","14":"tag-eurolider-feminista","15":"tag-kultur_cabecera","16":"tag-mordiendo-la-verdad","17":"tag-spain","18":"tag-teatro","19":"tag-temes_cabecera","20":"tag-tv"},"share_on_mastodon":{"url":"","error":""},"_links":{"self":[{"href":"https:\/\/www.europesays.com\/es\/wp-json\/wp\/v2\/posts\/99473","targetHints":{"allow":["GET"]}}],"collection":[{"href":"https:\/\/www.europesays.com\/es\/wp-json\/wp\/v2\/posts"}],"about":[{"href":"https:\/\/www.europesays.com\/es\/wp-json\/wp\/v2\/types\/post"}],"author":[{"embeddable":true,"href":"https:\/\/www.europesays.com\/es\/wp-json\/wp\/v2\/users\/2"}],"replies":[{"embeddable":true,"href":"https:\/\/www.europesays.com\/es\/wp-json\/wp\/v2\/comments?post=99473"}],"version-history":[{"count":0,"href":"https:\/\/www.europesays.com\/es\/wp-json\/wp\/v2\/posts\/99473\/revisions"}],"wp:featuredmedia":[{"embeddable":true,"href":"https:\/\/www.europesays.com\/es\/wp-json\/wp\/v2\/media\/99474"}],"wp:attachment":[{"href":"https:\/\/www.europesays.com\/es\/wp-json\/wp\/v2\/media?parent=99473"}],"wp:term":[{"taxonomy":"category","embeddable":true,"href":"https:\/\/www.europesays.com\/es\/wp-json\/wp\/v2\/categories?post=99473"},{"taxonomy":"post_tag","embeddable":true,"href":"https:\/\/www.europesays.com\/es\/wp-json\/wp\/v2\/tags?post=99473"}],"curies":[{"name":"wp","href":"https:\/\/api.w.org\/{rel}","templated":true}]}}