{"id":99483,"date":"2025-09-07T14:35:07","date_gmt":"2025-09-07T14:35:07","guid":{"rendered":"https:\/\/www.europesays.com\/es\/99483\/"},"modified":"2025-09-07T14:35:07","modified_gmt":"2025-09-07T14:35:07","slug":"teruel-se-lleva-parte-del-tercer-premio-del-sorteo-extraordinario-de-septiembre-de-la-loteria-nacional","status":"publish","type":"post","link":"https:\/\/www.europesays.com\/es\/99483\/","title":{"rendered":"Teruel se lleva parte del tercer premio del sorteo extraordinario de septiembre de la Loter\u00eda Nacional"},"content":{"rendered":"<p>            Teruel se lleva parte del tercer premio del sorteo extraordinario de septiembre de la Loter\u00eda Nacional                <\/p>\n<p>Teruel se lleva parte del tercer premio del sorteo extraordinario de septiembre de la Loter\u00eda Nacional<\/p>\n<p class=\"epigraph\">Con el n\u00famero 17.996 y\u00a0otorga 150.000 euros a la serie y 15.000 euros al d\u00e9cimo.<\/p>\n<p class=\"paragraph\">Tras la lluvia de dinero que ha dejado este viernes el <a href=\"https:\/\/www.heraldo.es\/noticias\/aragon\/zaragoza\/2025\/09\/06\/premio-euromillon-tarazona-zaragoza-alegria-administracion-1852000.html\" title=\"Fiesta en la comarca de Tarazona para celebrar el premio de 65 millones del Euromillones: &quot;Ha sido un pelotazo gordo&quot;\" rel=\"nofollow noopener\" target=\"_blank\">sorteo de Euromillones en Tarazona, <\/a>en la provincia de Zaragoza, <b>la ciudad de Teruel se ha visto agraciada con un pellizco del tercer premio<\/b> del sorteo extraordinario de septiembre de la Loter\u00eda Nacional celebrado este s\u00e1bado.<\/p>\n<p>            Conforme a los criterios de<br \/>\n            <a class=\"trustproject_img\" id=\"trustproject_img\" href=\"https:\/\/thetrustproject.org\/\" target=\"_blank\" rel=\"nofollow noopener\" aria-label=\"Trust Project\"><img decoding=\"async\" loading=\"lazy\" src=\"https:\/\/www.heraldo.es\/images\/Trust-Logo-Horizontal.svg\" alt=\"Logo Trust Project\" width=\"200\" height=\"34\"\/><\/a><\/p>\n<p>        <a href=\"https:\/\/www.henneo.com\/\" title=\"Grupo Henneo\" class=\"logo\" rel=\"nofollow noopener\" target=\"_blank\"><br \/>\n            <img decoding=\"async\" src=\"https:\/\/www.heraldo.es\/images\/logo_henneo_gris.svg\" alt=\"Logo Henneo\" width=\"559\" height=\"389\" loading=\"lazy\"\/><br \/>\n        <\/a><\/p>\n<p>\u00a9 HERALDO DE ARAGON EDITORA, S.L.U.<br \/>Tel\u00e9fono 976 765 000 \/ &#8211; P\u00ba. Independencia, 29, 50001 Zaragoza &#8211; CIF: B99288763 &#8211; Inscrita en el Registro Mercantil de Zaragoza al Tomo 3796, Libro 0, Folio 177, Secci\u00f3n 8, Hoja Z-50564<br \/>Queda prohibida toda reproducci\u00f3n sin permiso escrito de la empresa a los efectos del art\u00edculo 32.1, p\u00e1rrafo segundo, de la Ley de Propiedad Intelectual<\/p>\n<p>\n                P\u00ba Independencia, 29, 50001 Zaragoza<br \/> Tel\u00e9fono 976 765 000\n            <\/p>\n<p>                    Actualmente tu navegador no permite ejecutar JavaScript. Para poder disfrutar de nuestro contenido es necesario que lo permita.<br \/>\n                                        <img decoding=\"async\" loading=\"lazy\" alt=\"Heraldo logo\" src=\"https:\/\/dkumiip2e9ary.cloudfront.net\/xalok\/heraldo\/especiales\/hola-de-nuevo\/logo-heraldo.svg\" width=\"215\" height=\"43\"\/><\/p>\n","protected":false},"excerpt":{"rendered":"Teruel se lleva parte del tercer premio del sorteo extraordinario de septiembre de la Loter\u00eda Nacional Teruel se&hellip;\n","protected":false},"author":2,"featured_media":99484,"comment_status":"","ping_status":"","sticky":false,"template":"","format":"standard","meta":{"footnotes":""},"categories":[80],"tags":[82,95,94,25,24,59,530,813,1971,886,23],"class_list":{"0":"post-99483","1":"post","2":"type-post","3":"status-publish","4":"format-standard","5":"has-post-thumbnail","7":"category-economia","8":"tag-business","9":"tag-economia","10":"tag-economy","11":"tag-es","12":"tag-espana","13":"tag-extraordinario","14":"tag-loteria","15":"tag-nacional","16":"tag-septiembre","17":"tag-sorteo","18":"tag-spain"},"share_on_mastodon":{"url":"","error":""},"_links":{"self":[{"href":"https:\/\/www.europesays.com\/es\/wp-json\/wp\/v2\/posts\/99483","targetHints":{"allow":["GET"]}}],"collection":[{"href":"https:\/\/www.europesays.com\/es\/wp-json\/wp\/v2\/posts"}],"about":[{"href":"https:\/\/www.europesays.com\/es\/wp-json\/wp\/v2\/types\/post"}],"author":[{"embeddable":true,"href":"https:\/\/www.europesays.com\/es\/wp-json\/wp\/v2\/users\/2"}],"replies":[{"embeddable":true,"href":"https:\/\/www.europesays.com\/es\/wp-json\/wp\/v2\/comments?post=99483"}],"version-history":[{"count":0,"href":"https:\/\/www.europesays.com\/es\/wp-json\/wp\/v2\/posts\/99483\/revisions"}],"wp:featuredmedia":[{"embeddable":true,"href":"https:\/\/www.europesays.com\/es\/wp-json\/wp\/v2\/media\/99484"}],"wp:attachment":[{"href":"https:\/\/www.europesays.com\/es\/wp-json\/wp\/v2\/media?parent=99483"}],"wp:term":[{"taxonomy":"category","embeddable":true,"href":"https:\/\/www.europesays.com\/es\/wp-json\/wp\/v2\/categories?post=99483"},{"taxonomy":"post_tag","embeddable":true,"href":"https:\/\/www.europesays.com\/es\/wp-json\/wp\/v2\/tags?post=99483"}],"curies":[{"name":"wp","href":"https:\/\/api.w.org\/{rel}","templated":true}]}}