{"id":99505,"date":"2025-09-07T14:48:08","date_gmt":"2025-09-07T14:48:08","guid":{"rendered":"https:\/\/www.europesays.com\/es\/99505\/"},"modified":"2025-09-07T14:48:08","modified_gmt":"2025-09-07T14:48:08","slug":"afornta-con-firmeza-su-batalla-judicial-y-reclama-28-anos-de-carcel","status":"publish","type":"post","link":"https:\/\/www.europesays.com\/es\/99505\/","title":{"rendered":"afornta con firmeza su batalla judicial y reclama 28 a\u00f1os de c\u00e1rcel"},"content":{"rendered":"<p class=\"ft-text\"><a class=\"ft-link ft-link--decoration\" href=\"https:\/\/www.elperiodico.com\/es\/personajes\/maria-monte-26896\" target=\"_blank\" rel=\"nofollow noopener\"><strong>Mar\u00eda del Monte<\/strong><\/a> reclama <strong>28 a\u00f1os<\/strong> y medio de c\u00e1rcel para su sobrino <strong>Antonio Tejado<\/strong>, acusado de ser el autor intelectual del robo que tuvo lugar en la casa que la artista comparte con su pareja, <strong>Inmaculada Casal<\/strong>, en verano de 2023. As\u00ed lo ha remitido su abogada al juzgado, considerando que Tejado fue una pieza clave en el robo.<\/p>\n<p class=\"ft-text\">Tal y como <a class=\"ft-link ft-link--decoration\" href=\"https:\/\/www.diariodesevilla.es\/juzgado_de_guardia\/secreto_de_sumario\/maria-monte-pide-28-anos-carcel-sobrino-antonio-tejado_0_2004706166.html\" target=\"_blank\" rel=\"nofollow noopener\">informa<\/a> El diario de Sevilla y ha verificado <a class=\"ft-link ft-link--decoration\" href=\"https:\/\/www.elperiodico.com\/es\/tele\/yotele\/\" target=\"_blank\" rel=\"nofollow noopener\"><strong>YOTELE<\/strong><\/a>, la letrada se\u00f1ala en el escrito que el robo fue posible gracias a la informaci\u00f3n que Tejado recopil\u00f3 antes del suceso, donde se suministraron de la casa de la cantante <strong>relojes, joyas y piedras preciosas<\/strong>.<\/p>\n<p class=\"ft-text\">Fuentes cercanas a la mujer de Inmaculada Casal consultadas por <strong>YOTELE<\/strong>, confirman que Mar\u00eda del Monte se encuentra <strong>fuerte<\/strong> y completamente <strong>decidida<\/strong> a ir a por todas en la batalla judicial que la enfrenta con su sobrino.<\/p>\n<p class=\"ft-text\">Una de las claves en la acusaci\u00f3n es que Antonio Tejado retomara la relaci\u00f3n con su t\u00eda semanas antes de producirse: \u00abRetom\u00f3 la relaci\u00f3n con su t\u00eda para tener detalles sobre la casa. Por circunstancias familiares, no hab\u00eda tenido relaci\u00f3n con su t\u00eda durante un tiempo. En julio retoma esa relaci\u00f3n con la finalidad de recabar la informaci\u00f3n que hiciera posible el \u00e9xito del robo\u00bb, comenta <strong>Jorge Mu\u00f1oz<\/strong>, periodista de El diario de Sevilla ante las c\u00e1maras de<strong> &#8216;\u00a1Vaya fama!&#8217;. <\/strong><\/p>\n","protected":false},"excerpt":{"rendered":"Mar\u00eda del Monte reclama 28 a\u00f1os y medio de c\u00e1rcel para su sobrino Antonio Tejado, acusado de ser&hellip;\n","protected":false},"author":2,"featured_media":99506,"comment_status":"","ping_status":"","sticky":false,"template":"","format":"standard","meta":{"footnotes":""},"categories":[174],"tags":[1247,4280,255,146,147,25,24,256,1932,35395,12893,34889,17585,33059,23,26708],"class_list":{"0":"post-99505","1":"post","2":"type-post","3":"status-publish","4":"format-standard","5":"has-post-thumbnail","7":"category-famosos","8":"tag-antonio","9":"tag-carcel","10":"tag-celebrities","11":"tag-entertainment","12":"tag-entretenimiento","13":"tag-es","14":"tag-espana","15":"tag-famosos","16":"tag-maria","17":"tag-maria-del-monte","18":"tag-monte","19":"tag-piedad","20":"tag-reclama","21":"tag-sobrino","22":"tag-spain","23":"tag-tejado"},"share_on_mastodon":{"url":"","error":""},"_links":{"self":[{"href":"https:\/\/www.europesays.com\/es\/wp-json\/wp\/v2\/posts\/99505","targetHints":{"allow":["GET"]}}],"collection":[{"href":"https:\/\/www.europesays.com\/es\/wp-json\/wp\/v2\/posts"}],"about":[{"href":"https:\/\/www.europesays.com\/es\/wp-json\/wp\/v2\/types\/post"}],"author":[{"embeddable":true,"href":"https:\/\/www.europesays.com\/es\/wp-json\/wp\/v2\/users\/2"}],"replies":[{"embeddable":true,"href":"https:\/\/www.europesays.com\/es\/wp-json\/wp\/v2\/comments?post=99505"}],"version-history":[{"count":0,"href":"https:\/\/www.europesays.com\/es\/wp-json\/wp\/v2\/posts\/99505\/revisions"}],"wp:featuredmedia":[{"embeddable":true,"href":"https:\/\/www.europesays.com\/es\/wp-json\/wp\/v2\/media\/99506"}],"wp:attachment":[{"href":"https:\/\/www.europesays.com\/es\/wp-json\/wp\/v2\/media?parent=99505"}],"wp:term":[{"taxonomy":"category","embeddable":true,"href":"https:\/\/www.europesays.com\/es\/wp-json\/wp\/v2\/categories?post=99505"},{"taxonomy":"post_tag","embeddable":true,"href":"https:\/\/www.europesays.com\/es\/wp-json\/wp\/v2\/tags?post=99505"}],"curies":[{"name":"wp","href":"https:\/\/api.w.org\/{rel}","templated":true}]}}