{"id":99507,"date":"2025-09-07T14:49:09","date_gmt":"2025-09-07T14:49:09","guid":{"rendered":"https:\/\/www.europesays.com\/es\/99507\/"},"modified":"2025-09-07T14:49:09","modified_gmt":"2025-09-07T14:49:09","slug":"como-fue-la-relacion-entre-pablo-picasso-y-sus-hijos-bajo-lupa-en-una-exposicion-en-barcelona","status":"publish","type":"post","link":"https:\/\/www.europesays.com\/es\/99507\/","title":{"rendered":"C\u00f3mo fue la relaci\u00f3n entre Pablo Picasso y sus hijos, bajo lupa en una exposici\u00f3n en Barcelona"},"content":{"rendered":"<p data-journey-content=\"true\" data-node-id=\"0\" class=\"body-dropcap css-16svq0q emevuu60\">De <strong data-node-id=\"0.1\"><a href=\"https:\/\/www.harpersbazaar.com\/es\/arte\/a62461523\/pablo-picasso-jacqueline-roque-exposicion-valencia\/\" target=\"_blank\" data-vars-ga-outbound-link=\"https:\/\/www.harpersbazaar.com\/es\/arte\/a62461523\/pablo-picasso-jacqueline-roque-exposicion-valencia\/\" data-vars-ga-ux-element=\"Hyperlink\" data-vars-ga-call-to-action=\"Pablo Picasso\" data-node-id=\"0.1.0\" class=\"body-link css-156jt4g emevuu60\" rel=\"nofollow noopener\">Pablo Picasso<\/a><\/strong>, tanto del genio art\u00edstico como del hombre detr\u00e1s del mito, se ha escrito hasta el cansancio. Pero ahora es el Museo Picasso de Barcelona quien propone mirar m\u00e1s all\u00e1 del creador universal para adentrarse en una historia \u00edntima, la de su vida junto a <strong data-node-id=\"0.3\">Fran\u00e7oise Gilot<\/strong>, la pintora con la que comparti\u00f3 una d\u00e9cada y con quien tuvo a sus dos hijos, as\u00ed como su faceta paterna junto a los dos hijos que tuvo con esta artista.<\/p>\n<p data-journey-content=\"true\" data-node-id=\"1\" class=\"css-i9p093 emevuu60\">La exposici\u00f3n <strong data-node-id=\"1.1\">Crecer entre dos artistas. Homenaje a Claude Picasso<\/strong> se sumerge en esa vida familiar que, hasta ahora, solo hab\u00edan conocido en primera persona dos testigos privilegiados, <a href=\"https:\/\/www.harpersbazaar.com\/es\/famosas\/el-estilo-de\/a43268205\/jeanne-damas-paloma-picasso-serie-kaiser-karl\/\" target=\"_blank\" data-vars-ga-outbound-link=\"https:\/\/www.harpersbazaar.com\/es\/famosas\/el-estilo-de\/a43268205\/jeanne-damas-paloma-picasso-serie-kaiser-karl\/\" data-vars-ga-ux-element=\"Hyperlink\" data-vars-ga-call-to-action=\"Paloma\" data-node-id=\"1.3\" class=\"body-link css-156jt4g emevuu60\" rel=\"nofollow noopener\">Paloma<\/a> y Claude Picasso. El hijo del pintor falleci\u00f3 en 2023, y ahora la instituci\u00f3n catalana rinde tributo a su memoria con una propuesta que mezcla el relato personal con la historia del arte.<\/p>\n<p><img draggable=\"true\" alt=\"pablo picasso barcelona exposicion\" title=\"La exposici\u00f3n de Pablo Picasso en Barcelona\" loading=\"lazy\" width=\"2940\" height=\"3383\" decoding=\"async\" data-nimg=\"1\" style=\"color:transparent;width:100%;height:auto;\"   src=\"https:\/\/www.europesays.com\/es\/wp-content\/uploads\/2025\/09\/gettyimages-55755796-68b7d6499b026.jpg\" class=\"css-0 e1g79fud0\"\/><\/p>\n<p>Lipnitzki\/\/Getty Images<\/p>\n<p data-journey-content=\"true\" data-node-id=\"3\" class=\"css-i9p093 emevuu60\">Comisariada por la \u00fanica hija que a\u00fan puede contar su historia, Paloma Picasso \u2014en calidad de administradora de la Sucesi\u00f3n Pablo Picasso\u2014 y Emmanuel Guigon, director del museo, la muestra despliega en salas luminosas la cotidianeidad en <strong data-node-id=\"3.1\">La Galloise<\/strong>, la casa de Vallauris, en la<a href=\"https:\/\/www.harpersbazaar.com\/es\/cultura\/viajes-planes\/a40573011\/cascais-que-ver-hoteles-the-oitavos-lisboa\/\" target=\"_blank\" data-vars-ga-outbound-link=\"https:\/\/www.harpersbazaar.com\/es\/cultura\/viajes-planes\/a40573011\/cascais-que-ver-hoteles-the-oitavos-lisboa\/\" data-vars-ga-ux-element=\"Hyperlink\" data-vars-ga-call-to-action=\" Costa Azul, \" data-node-id=\"3.3\" class=\"body-link css-156jt4g emevuu60\" rel=\"nofollow noopener\"> Costa Azul, <\/a>donde Picasso y Fran\u00e7oise Gilot convivieron entre 1943 y 1953. All\u00ed no solo se respiraba creaci\u00f3n, sino tambi\u00e9n infancia, pues los juegos, los disfraces y los teatros caseros que marcaron la vida de sus hijos se entrelazan en esta muestra ahora con pinturas, esculturas, juguetes intervenidos por el artista y fotograf\u00edas familiares.<\/p>\n<p><img draggable=\"true\" alt=\"exposicion picasso\" title=\"La exposici\u00f3n sobe la faceta m\u00e1s desconocida de Picasso llega a Barcelona\" loading=\"lazy\" width=\"6315\" height=\"4210\" decoding=\"async\" data-nimg=\"1\" style=\"color:transparent;width:100%;height:auto;\"   src=\"https:\/\/www.europesays.com\/es\/wp-content\/uploads\/2025\/09\/gettyimages-2226788049-min-68b7e596e336b.jpg\" class=\"css-0 e1g79fud0\"\/><\/p>\n<p>Getty Images<\/p>\n<p data-journey-content=\"true\" data-node-id=\"6\" class=\"css-i9p093 emevuu60\">El recorrido permite imaginar al pintor en su faceta m\u00e1s inesperada, mucho m\u00e1s all\u00e1 que como solamente un artista. La muestra exhibe v\u00eddeos tiernos de un padre que jugaba con sus ni\u00f1os, pero tambi\u00e9n de un artista que pod\u00eda apropiarse sin remordimientos de los <strong data-node-id=\"6.1\">juguetes de sus hijos<\/strong> para completar sus obras. Al mismo tiempo, aparece la figura de Fran\u00e7oise Gilot, joven artista de 21 a\u00f1os que convivi\u00f3 con un Picasso de 61, y cuya obra \u2014pinturas y dibujos hasta ahora in\u00e9ditos en Espa\u00f1a\u2014 dialoga por fin con la del maestro.<\/p>\n<p data-journey-content=\"true\" data-node-id=\"7\" class=\"css-i9p093 emevuu60\">La muestra dedica tambi\u00e9n un apartado al <strong data-node-id=\"7.1\">descubrimiento de la cer\u00e1mica<\/strong> en el taller Madoura de Vallauris, un momento decisivo en la trayectoria de Picasso, que aqu\u00ed se presenta como un padre-artista en pleno proceso de experimentaci\u00f3n.<\/p>\n<p><img draggable=\"true\" alt=\"picasso exposicion\" title=\"La exposici\u00f3n sobe la faceta m\u00e1s desconocida de Picasso llega a Barcelona\" loading=\"lazy\" width=\"6894\" height=\"4596\" decoding=\"async\" data-nimg=\"1\" style=\"color:transparent;width:100%;height:auto;\"   src=\"https:\/\/www.europesays.com\/es\/wp-content\/uploads\/2025\/09\/gettyimages-2226787905-min-68b7e5dccb3fc.jpg\" class=\"css-0 e1g79fud0\"\/><\/p>\n<p>Getty Images<\/p>\n<p data-journey-content=\"true\" data-node-id=\"9\" class=\"css-i9p093 emevuu60\">Disponible hasta el <strong data-node-id=\"9.1\">26 de octubre<\/strong>, la exposici\u00f3n invita a viajar al sur de Francia y a una d\u00e9cada crucial en la vida del pintor y de <a href=\"https:\/\/www.harpersbazaar.com\/es\/cultura\/ocio\/a38921097\/francoise-gilot-picasso-artista-obras\/\" target=\"_blank\" data-vars-ga-outbound-link=\"https:\/\/www.harpersbazaar.com\/es\/cultura\/ocio\/a38921097\/francoise-gilot-picasso-artista-obras\/\" data-vars-ga-ux-element=\"Hyperlink\" data-vars-ga-call-to-action=\"Fran\u00e7oise Gilot,\" data-node-id=\"9.3\" class=\"body-link css-156jt4g emevuu60\" rel=\"nofollow noopener\">Fran\u00e7oise Gilot,<\/a> ofreciendo una mirada \u00edntima, emotiva y nunca antes tan cercana a la infancia de Claude y Paloma Picasso, esos ni\u00f1os que crecieron literalmente entre dos artistas.<\/p>\n<p>Contenidos relacionados<img src=\"https:\/\/www.europesays.com\/es\/wp-content\/uploads\/2025\/09\/27ba7a4c-edf4-44ff-95a0-45ba0d84a0d0_1686121238.file\" alt=\"Headshot of Paula Mart\u00edns\" title=\"Headshot of Paula Mart\u00edns\" width=\"100%\" height=\"100%\" decoding=\"async\" loading=\"lazy\" class=\"css-o0wq4v ev8dhu53\"\/><\/p>\n<p>\u00a0<\/p>\n<p>Paula Mart\u00edns (1993) es editora de lifestyle y cultura. Es apasionada de moverse de ciudad en ciudad y catadora confesable de cualquier cafeter\u00eda y restaurante. En su tiempo libre la ver\u00e1s moverse entre exposiciones, en cualquier establecimiento devorando libros y probando caf\u00e9s de especialidad o haciendo fotograf\u00edas a las fachadas y de los rincones m\u00e1s secretos cualquier paraje que visite. Por la noche, disfruta\u00a0bailando en los conciertos, enganch\u00e1ndose a toda pel\u00edcula o serie que haya en streaming y buscando festivales de cine.<\/p>\n<p>En sus art\u00edculos ense\u00f1a las ciudades bajo su prisma, descubriendo detalles que no encontrar\u00e1s en ninguna gu\u00eda de viaje. Desentra\u00f1a la personalidad de los personajes sobre los que escribe y\u00a0siempre busca comunicar desde un enfoque social, derribando estereotipos.<\/p>\n<p>Paula Mart\u00edns es una pontevedrea que en su af\u00e1n por estudiar en una gran ciudad termin\u00f3 en Cuenca, estudiando un grado en Periodismo por la UCLM. Guiada por su \u00edmpetu viajero busc\u00f3 unas pr\u00e1cticas en el peri\u00f3dico de El Ib\u00e9rico de Londres y, con una beca de Erasmus + se fue a conocer Reino Unido. A su vuelta a Espa\u00f1a persigui\u00f3 una de las primeras razones que le llevaron a dedicarse al periodismo: la moda. Estudi\u00f3 un m\u00e1ster en Digital Communication and marketing in fashion (s\u00ed, en ingl\u00e9s) en el Istituto Europeo di Design (IED) mientras trabajaba los fines de semana en aquella marca de Inditex llamada Uterq\u00fce. Al mismo tiempo\u00a0realizaba pr\u00e1cticas en revistas como VEIN magazine y en agencias de comunicaci\u00f3n como OnTwice.\u00a0<\/p>\n<p>Con esta misma pasi\u00f3n por el universo textil comenz\u00f3 su andadura en Harper&#8217;s Bazaar Espa\u00f1a desde Madrid: primero como becaria de la edici\u00f3n de papel, y despu\u00e9s como colaboradora web. Dentro de Harper&#8217;s Bazaar fue la encargada de las guardias del fin de semana, community manager, y ahora es la responsable de la secci\u00f3n de lifestyle y cultura, aunque es multidisciplinar y tambi\u00e9n apoya al equipo de moda y celebrities. Adem\u00e1s, como confesa workalcoholic, ocupa su tiempo escribiendo tambi\u00e9n para otros medios como \u00a1HOLA!, donde trata moda y lifestyle. Tambi\u00e9n es coordinadora de la revista cultural de la editorial de Bamba, y realiza notas de prensa y labores de comunicaci\u00f3n para varias agencias de comunicaci\u00f3n. A\u00fan hay m\u00e1s: ha fundado su propia revista digital de arte y cultura, llamada Kaldo magazine y ahora vive la vida n\u00f3mada. Ha vivido en Pontevedra, Cuenca, Londres, Madrid, Lisboa y Barcelona.\u00a0<\/p>\n","protected":false},"excerpt":{"rendered":"De Pablo Picasso, tanto del genio art\u00edstico como del hombre detr\u00e1s del mito, se ha escrito hasta el&hellip;\n","protected":false},"author":2,"featured_media":99508,"comment_status":"","ping_status":"","sticky":false,"template":"","format":"standard","meta":{"footnotes":""},"categories":[173],"tags":[229,233,231,230,232,253,234,146,147,25,24,23],"class_list":{"0":"post-99507","1":"post","2":"type-post","3":"status-publish","4":"format-standard","5":"has-post-thumbnail","7":"category-arte-y-diseno","8":"tag-arte","9":"tag-arte-y-diseno","10":"tag-arts","11":"tag-arts-and-design","12":"tag-design","13":"tag-discover","14":"tag-diseno","15":"tag-entertainment","16":"tag-entretenimiento","17":"tag-es","18":"tag-espana","19":"tag-spain"},"share_on_mastodon":{"url":"","error":""},"_links":{"self":[{"href":"https:\/\/www.europesays.com\/es\/wp-json\/wp\/v2\/posts\/99507","targetHints":{"allow":["GET"]}}],"collection":[{"href":"https:\/\/www.europesays.com\/es\/wp-json\/wp\/v2\/posts"}],"about":[{"href":"https:\/\/www.europesays.com\/es\/wp-json\/wp\/v2\/types\/post"}],"author":[{"embeddable":true,"href":"https:\/\/www.europesays.com\/es\/wp-json\/wp\/v2\/users\/2"}],"replies":[{"embeddable":true,"href":"https:\/\/www.europesays.com\/es\/wp-json\/wp\/v2\/comments?post=99507"}],"version-history":[{"count":0,"href":"https:\/\/www.europesays.com\/es\/wp-json\/wp\/v2\/posts\/99507\/revisions"}],"wp:featuredmedia":[{"embeddable":true,"href":"https:\/\/www.europesays.com\/es\/wp-json\/wp\/v2\/media\/99508"}],"wp:attachment":[{"href":"https:\/\/www.europesays.com\/es\/wp-json\/wp\/v2\/media?parent=99507"}],"wp:term":[{"taxonomy":"category","embeddable":true,"href":"https:\/\/www.europesays.com\/es\/wp-json\/wp\/v2\/categories?post=99507"},{"taxonomy":"post_tag","embeddable":true,"href":"https:\/\/www.europesays.com\/es\/wp-json\/wp\/v2\/tags?post=99507"}],"curies":[{"name":"wp","href":"https:\/\/api.w.org\/{rel}","templated":true}]}}