{"id":99550,"date":"2025-09-07T15:14:07","date_gmt":"2025-09-07T15:14:07","guid":{"rendered":"https:\/\/www.europesays.com\/es\/99550\/"},"modified":"2025-09-07T15:14:07","modified_gmt":"2025-09-07T15:14:07","slug":"entrevista-ana-rosa-quintana-analisis-politico-en-su-vuelta-de-vacaciones-y-su-vision-del-futuro-la-polarizacion-comenzo-con-zapatero-y-ha-llegado-a-su-culmen-con-sanchez-tenemos-que-volver-a-la","status":"publish","type":"post","link":"https:\/\/www.europesays.com\/es\/99550\/","title":{"rendered":"ENTREVISTA ANA ROSA QUINTANA | An\u00e1lisis pol\u00edtico en su vuelta de vacaciones y su visi\u00f3n del futuro: \u00abLa polarizaci\u00f3n comenz\u00f3 con Zapatero y ha llegado a su culmen con S\u00e1nchez. Tenemos que volver a la concordia\u00bb"},"content":{"rendered":"<p class=\"ft-text\"><strong>Ana Rosa Quintana<\/strong> vuelve ma\u00f1ana lunes a ponerse al frente de &#8216;<strong>El programa de Ana Rosa&#8217; en Telecinco<\/strong> despu\u00e9s de sus vacaciones de verano, para afrontar uno de los cursos pol\u00edticos m\u00e1s imprevisibles de las \u00faltimas d\u00e9cadas. Tras su inesperada vuelta a las ma\u00f1anas a mitad de la pasada temporada, la periodista arranca el curso recuperando su horario original (de 9:00 a 13:30 horas),\u00a0reforzando su apuesta por la actualidad pol\u00edtica y social, con la incorporaci\u00f3n de nuevas caras y opiniones.\u00a0<\/p>\n<p class=\"ft-text\">La periodista mantiene en el arranque del programa su<strong> incisivo editorial, <\/strong>siempre muy cr\u00edtico con el gobierno, y <strong>redobla su apuesta por los reportajes de investigaci\u00f3n de producci\u00f3n propia y las entrevistas<\/strong>. Para el primer programa, contar\u00e1 con la presencia de <strong>Alberto N\u00fa\u00f1ez Feij\u00f3o<\/strong> en plat\u00f3.<\/p>\n<p class=\"ft-text\">A nivel televisivo, Ana Rosa se enfrenta a <strong>una de las temporadas m\u00e1s competitivas<\/strong>, tras despedirse en julio como <strong>l\u00edder de audiencia en su franja de emisi\u00f3n<\/strong> con un 14% de share entre las 9:00 y las 12:15 horas. Ahora, <strong>ampl\u00eda su horario hasta las 13:30 horas<\/strong>, como hab\u00eda sido antes de su traslado a las tardes. En una <strong>entrevista con YOTELE<\/strong> a pocas horas de su vuelta, analiza las claves del comienzo del curso. \u00a0<\/p>\n<p class=\"ft-text\"><strong>Tu programa se ampl\u00eda esta temporada y recupera su horario de siempre. \u00bfHa sido petici\u00f3n tuya o responde a necesidad de ajustar la programaci\u00f3n tras el paso de Joaqu\u00edn Prat a la tarde?\u00a0<\/strong><\/p>\n<p class=\"ft-text\">Al final es lo l\u00f3gico. Ten\u00edamos que tener el mismo horario que la competencia, como hab\u00eda sido siempre antes de mi etapa en la tarde. Y al volver a la ma\u00f1ana en febrero, empezamos con una estructura temporal. Ahora, recuperamos la duraci\u00f3n de siempre.\u00a0<\/p>\n<p class=\"ft-text\"><strong>\u00bfQu\u00e9 hace que mantengas las ganas de seguir madrugando cada d\u00eda tras dos d\u00e9cadas al frente de las ma\u00f1anas?<\/strong><\/p>\n<p class=\"ft-text\">Despu\u00e9s de haber hecho la tarde, para m\u00ed es mucho mejor madrugar. Porque me ocupa menos tiempo y al mediod\u00eda hemos terminado. Sin dejar nunca de estar pendiente de todo, puedes comer, y quedar con gente. Lo otro te ocupaba desde la ma\u00f1ana hasta la noche y el mediod\u00eda no pod\u00edas ver a nadie. Nosotros\u00a0somos periodistas y tambi\u00e9n necesitamos contactar con nuestras fuentes.\u00a0<\/p>\n<p class=\"ft-text\"><strong>\u00bfQu\u00e9 ha cambiado en los \u00faltimos a\u00f1os a la hora de construir un directo de cuatro horas y media?\u00a0<\/strong><\/p>\n<p class=\"ft-text\">Nuestra forma de trabajar la informaci\u00f3n sigue siendo la misma.\u00a0Llevamos muchos a\u00f1os haciendo programas de actualidad, tenemos nuestra din\u00e1mica muy interiorizada y un equipazo incre\u00edble que sabe qu\u00e9 es lo que le interesa a la gente.\u00a0Y con lo que est\u00e1 pasando y todo lo que va a pasar, nos van a faltar horas para contarlo. Nosotros no cambiamos pero s\u00ed es cierto que la actualidad evoluciona y ahora est\u00e1 m\u00e1s viva que nunca.\u00a0<\/p>\n<p class=\"ft-text\">\u00a0<\/p>\n<p class=\"ft-text\"><strong>\u00bfQu\u00e9 novedades presenta &#8216;El programa de Ana Rosa&#8217; esta temporada?<\/strong><\/p>\n<p class=\"ft-text\">Tenemos nuestro estilo, nuestro sello personal que vamos a mantener, porque es lo que nos hace diferentes. Vamos a seguir contando todo lo que sucede, tanto a nivel nacional como internacional y vamos a incorporar nuevos colaboradores. El programa est\u00e1 vivo y completamente abierto a la actualidad.<\/p>\n<p class=\"ft-text\">\u2060<strong>En un pa\u00eds cada vez m\u00e1s polarizado, mucha gente siente aut\u00e9ntico hartazgo de la pol\u00edtica. \u00bfEntiendes a quien tiene ese sentimiento?\u00a0<\/strong><\/p>\n<p class=\"ft-text\">S\u00ed, claro. Lo entiendo perfectamente. La desgracia de este pa\u00eds es lo polarizado que est\u00e1. Esta situaci\u00f3n pr\u00e1cticamente empez\u00f3 con Zapatero y ha llegado a su culmen con Pedro S\u00e1nchez. Pero independientemente de esto, est\u00e1 muy claro que hay inter\u00e9s por la informaci\u00f3n pol\u00edtica en este momento.<\/p>\n<p class=\"ft-text\"><strong>Aunque tu caso es distinto, porque te dedicas a comunicar y a contarle a la gente lo que est\u00e1 pasando, \u00bfhas llegado a sentir ese agotamiento con la pol\u00edtica?<\/strong><\/p>\n<p class=\"ft-text\">La verdad es que no. Vivo la informaci\u00f3n de manera intensa, a m\u00ed la pol\u00edtica me encanta, me ha interesado mucho toda mi vida. Y ahora especialmente, porque arrancamos un curso en el que seguro van a ocurrir muchas cosas.<\/p>\n<p class=\"ft-text\"><strong>En esta polarizaci\u00f3n en la que vivimos, mucha gente no solo no acepta opiniones que sean contrarias a la suya, sino que ha desarrollado un odio profundo hacia quien no le cuenta las cosas como esa persona las ve\u2026 \u00bfHemos aceptado que haya gente que te odie a ti, Ana Rosa? \u00bfO que odien a Ferreras o a Javier Ruiz?\u00a0<\/strong><\/p>\n<p class=\"ft-text\">Yo no acepto que nadie odie a otras personas por decir\u00a0lo que piensan. Es un sentimiento negativo que hace da\u00f1o al que lo siente. Yo no odio absolutamente a nadie, puedo estar de acuerdo o no y puedo contraponer mi opini\u00f3n a la del otro, por supuesto. Pero si alguien odia a otros por no pensar igual que \u00e9l, deber\u00eda\u00a0erradicarlo, por su propio bien. En Espa\u00f1a tenemos una\u00a0historia terror\u00edfica de enfrentamiento entre espa\u00f1oles y eso es de lo que hay que huir. Tenemos que volver a la reconciliaci\u00f3n, a la concordia y al respeto por las opiniones que son distintas a las tuyas.<\/p>\n<p class=\"ft-text\"><strong>\u00bfC\u00f3mo gestionas las cr\u00edticas de quienes piensan que tu programa se posiciona demasiado en un lado u otro?\u00a0<\/strong><\/p>\n<p class=\"ft-text\">Solo tengo que decirles\u00a0que miren el programa. Es verdad que yo tengo un editorial cada d\u00eda y tengo un editorial que en este momento es m\u00e1s cr\u00edtico con el Gobierno, porqu\u00e9 es una de las funciones del periodismo. Y\u00a0cuando haya cambio de ciclo pol\u00edtico, Mi mesa pol\u00edtica es quiz\u00e1 la m\u00e1s plural de verdad de la televisi\u00f3n, tenemos todas las opiniones con gente que tiene much\u00edsimo criterio, trayectoria y respeto profesional.\u00a0<\/p>\n<p class=\"ft-text\"><strong>Has dicho que te gustar\u00eda entrevistar al pr\u00f3ximo presidente del Gobierno. \u00bfCrees que habr\u00e1 cambio de ciclo pol\u00edtico esta temporada?\u00a0<\/strong><\/p>\n<p class=\"ft-text\">Al pr\u00f3ximo presidente del Gobierno posiblemente lo entreviste el lunes. Yo entrevisto a todo el mundo que tenga inter\u00e9s y quiera dar respuestas a todo lo que la gente se est\u00e1 preguntando.\u00a0<\/p>\n<p class=\"ft-text\"><strong>\u00bfC\u00f3mo viste la que hizo Pepa Bueno hace unos d\u00edas a Pedro S\u00e1nchez?\u00a0<\/strong><\/p>\n<p class=\"ft-text\">Por supuesto que la vi. Pepa\u00a0es una gran profesional, hizo una muy buena entrevista, estuvo. Y\u00a0\u00a0vi a un Pedro S\u00e1nchez como lo vimos todos, absolutamente desquiciado.\u00a0<\/p>\n<p class=\"ft-text\"><strong>Mediaset conf\u00eda mucho en\u00a0Unicorn\u00a0Content a la hora de producir nuevos programas y series. \u00bfC\u00f3mo equilibras el rol de presentadora con el de empresaria que toma decisiones estrat\u00e9gicas? \u00bfC\u00f3mo se presenta la temporada en la productora?<\/strong><\/p>\n<p class=\"ft-text\">Nuestra productora est\u00e1 a punto de cumplir\u00a0y no podemos estar m\u00e1s contentos, ah\u00ed est\u00e1n los resultados. En televisi\u00f3n nadie te regala nada, ninguna cadena\u00a0te da un programa si no cpnf\u00eda en tu absoluta solvencia. Y eso lo que ocurre con\u00a0Unicorn. Creo\u00a0que hemos demostrado que somos muy buenos haciendo programas de actualidad\u00a0y tambi\u00e9n nos hemos colocado en una posici\u00f3n de referencia en\u00a0ficci\u00f3n. El d\u00eda a d\u00eda de la compa\u00f1\u00eda\u00a0lo lleva\u00a0Xelo\u00a0Montesinos y mi participaci\u00f3n\u00a0como presidenta es a nivel de estrategia, porque mi d\u00eda a d\u00eda y mi esfuerzo est\u00e1 en el programa.\u00a0<\/p>\n","protected":false},"excerpt":{"rendered":"Ana Rosa Quintana vuelve ma\u00f1ana lunes a ponerse al frente de &#8216;El programa de Ana Rosa&#8217; en Telecinco&hellip;\n","protected":false},"author":2,"featured_media":99551,"comment_status":"","ping_status":"","sticky":false,"template":"","format":"standard","meta":{"footnotes":""},"categories":[171],"tags":[683,880,1705,146,147,3141,25,24,4621,35402,13565,27011,2465,199,23,692,214,7472],"class_list":{"0":"post-99550","1":"post","2":"type-post","3":"status-publish","4":"format-standard","5":"has-post-thumbnail","7":"category-tv","8":"tag-ana","9":"tag-ana-rosa-quintana","10":"tag-analisis","11":"tag-entertainment","12":"tag-entretenimiento","13":"tag-entrevista","14":"tag-es","15":"tag-espana","16":"tag-exclusiva","17":"tag-polarizacion","18":"tag-politico","19":"tag-quintana","20":"tag-rosa","21":"tag-sanchez","22":"tag-spain","23":"tag-telecinco","24":"tag-tv","25":"tag-zapatero"},"share_on_mastodon":{"url":"","error":""},"_links":{"self":[{"href":"https:\/\/www.europesays.com\/es\/wp-json\/wp\/v2\/posts\/99550","targetHints":{"allow":["GET"]}}],"collection":[{"href":"https:\/\/www.europesays.com\/es\/wp-json\/wp\/v2\/posts"}],"about":[{"href":"https:\/\/www.europesays.com\/es\/wp-json\/wp\/v2\/types\/post"}],"author":[{"embeddable":true,"href":"https:\/\/www.europesays.com\/es\/wp-json\/wp\/v2\/users\/2"}],"replies":[{"embeddable":true,"href":"https:\/\/www.europesays.com\/es\/wp-json\/wp\/v2\/comments?post=99550"}],"version-history":[{"count":0,"href":"https:\/\/www.europesays.com\/es\/wp-json\/wp\/v2\/posts\/99550\/revisions"}],"wp:featuredmedia":[{"embeddable":true,"href":"https:\/\/www.europesays.com\/es\/wp-json\/wp\/v2\/media\/99551"}],"wp:attachment":[{"href":"https:\/\/www.europesays.com\/es\/wp-json\/wp\/v2\/media?parent=99550"}],"wp:term":[{"taxonomy":"category","embeddable":true,"href":"https:\/\/www.europesays.com\/es\/wp-json\/wp\/v2\/categories?post=99550"},{"taxonomy":"post_tag","embeddable":true,"href":"https:\/\/www.europesays.com\/es\/wp-json\/wp\/v2\/tags?post=99550"}],"curies":[{"name":"wp","href":"https:\/\/api.w.org\/{rel}","templated":true}]}}