{"id":99589,"date":"2025-09-07T15:35:08","date_gmt":"2025-09-07T15:35:08","guid":{"rendered":"https:\/\/www.europesays.com\/es\/99589\/"},"modified":"2025-09-07T15:35:08","modified_gmt":"2025-09-07T15:35:08","slug":"adjudicada-la-segunda-fase-de-la-escuela-de-arte-por-61-millones","status":"publish","type":"post","link":"https:\/\/www.europesays.com\/es\/99589\/","title":{"rendered":"Adjudicada la segunda fase de la Escuela de Arte por 6,1 millones"},"content":{"rendered":"<p> La Consejer\u00eda de Educaci\u00f3n ha concluido en estos d\u00edas los tr\u00e1mites para la adjudicaci\u00f3n de sus dos grandes proyectos en Avil\u00e9s. Tras la adjudicaci\u00f3n  &#8230; del CIFP de La Grandiella, acaba de formalizar la adjudicaci\u00f3n de las obras de la segunda fase de la Escuela Superior de Arte del Principado de Asturias (Esapa) a la uni\u00f3n temporal de empresas formada por Taller de Urbanismo e Ingenier\u00eda y Esfer Construcciones y Proyectos.<\/p>\n<p class=\"v-p\">El importe final de adjudicaci\u00f3n rebaja notablemente las previsiones iniciales de inversi\u00f3n, concretamente en casi un mill\u00f3n de euros, ya que se ha adjudicado en poco m\u00e1s de 6,1 millones cuando el precio establecido en la licitaci\u00f3n superaba ligeramente los siete millones. Once empresas o UTE&#8217;s hab\u00edan presentado sus ofertas para hacerse con este contrato.<\/p>\n<p class=\"v-p\">Como ya public\u00f3 este peri\u00f3dico, tambi\u00e9n en estos d\u00edas la Consejer\u00eda de Educaci\u00f3n ha seguido el mismo tr\u00e1mite con el nuevo Centro Integrado de Formaci\u00f3n Profesional (CIFP) de La Grandiella. En este caso las obras han sido adjudicadas a la uni\u00f3n temporal de empresas formada por Sardalla Espa\u00f1ola y Construcciones Serrot, y como sucede con la Escuela de Arte, el presupuesto final de obra es inferior al que se plante\u00f3 en la licitaci\u00f3n, qued\u00e1ndose en catorce millones, tres menos de lo previsto.<\/p>\n<p>Inicio de las obras<\/p>\n<p class=\"v-p\">Con estos dos tr\u00e1mites ya superados, ahora quedar\u00e1 la formalizaci\u00f3n de los contratos, que tendr\u00e1n que esperar al menos quince d\u00edas tras notificar a todas las empresas concurrentes la decisi\u00f3n. De no surgir problemas y que haya reclamaciones por parte de las mismas, las obras de ambos centros educativos podr\u00edan comenzar ya este oto\u00f1o, como preve\u00eda la Consejer\u00eda. Para ello, tambi\u00e9n ha formalizado ya la contrataci\u00f3n de la direcci\u00f3n de obra y coordinaci\u00f3n de seguridad y salud de ambas construcciones.<\/p>\n","protected":false},"excerpt":{"rendered":"La Consejer\u00eda de Educaci\u00f3n ha concluido en estos d\u00edas los tr\u00e1mites para la adjudicaci\u00f3n de sus dos grandes&hellip;\n","protected":false},"author":2,"featured_media":99590,"comment_status":"","ping_status":"","sticky":false,"template":"","format":"standard","meta":{"footnotes":""},"categories":[173],"tags":[35411,229,233,231,230,232,234,146,147,25,9076,24,4521,4724,3745,23],"class_list":{"0":"post-99589","1":"post","2":"type-post","3":"status-publish","4":"format-standard","5":"has-post-thumbnail","7":"category-arte-y-diseno","8":"tag-adjudicada","9":"tag-arte","10":"tag-arte-y-diseno","11":"tag-arts","12":"tag-arts-and-design","13":"tag-design","14":"tag-diseno","15":"tag-entertainment","16":"tag-entretenimiento","17":"tag-es","18":"tag-escuela","19":"tag-espana","20":"tag-fase","21":"tag-millones","22":"tag-segunda","23":"tag-spain"},"share_on_mastodon":{"url":"","error":""},"_links":{"self":[{"href":"https:\/\/www.europesays.com\/es\/wp-json\/wp\/v2\/posts\/99589","targetHints":{"allow":["GET"]}}],"collection":[{"href":"https:\/\/www.europesays.com\/es\/wp-json\/wp\/v2\/posts"}],"about":[{"href":"https:\/\/www.europesays.com\/es\/wp-json\/wp\/v2\/types\/post"}],"author":[{"embeddable":true,"href":"https:\/\/www.europesays.com\/es\/wp-json\/wp\/v2\/users\/2"}],"replies":[{"embeddable":true,"href":"https:\/\/www.europesays.com\/es\/wp-json\/wp\/v2\/comments?post=99589"}],"version-history":[{"count":0,"href":"https:\/\/www.europesays.com\/es\/wp-json\/wp\/v2\/posts\/99589\/revisions"}],"wp:featuredmedia":[{"embeddable":true,"href":"https:\/\/www.europesays.com\/es\/wp-json\/wp\/v2\/media\/99590"}],"wp:attachment":[{"href":"https:\/\/www.europesays.com\/es\/wp-json\/wp\/v2\/media?parent=99589"}],"wp:term":[{"taxonomy":"category","embeddable":true,"href":"https:\/\/www.europesays.com\/es\/wp-json\/wp\/v2\/categories?post=99589"},{"taxonomy":"post_tag","embeddable":true,"href":"https:\/\/www.europesays.com\/es\/wp-json\/wp\/v2\/tags?post=99589"}],"curies":[{"name":"wp","href":"https:\/\/api.w.org\/{rel}","templated":true}]}}