{"id":99621,"date":"2025-09-07T15:53:05","date_gmt":"2025-09-07T15:53:05","guid":{"rendered":"https:\/\/www.europesays.com\/es\/99621\/"},"modified":"2025-09-07T15:53:05","modified_gmt":"2025-09-07T15:53:05","slug":"queipo-sobre-las-protestas-contra-el-equipo-israeli-en-la-vuelta-los-deportistas-no-son-culpables-del-conflicto-la-voz-de-asturias","status":"publish","type":"post","link":"https:\/\/www.europesays.com\/es\/99621\/","title":{"rendered":"Queipo, sobre las protestas contra el equipo israel\u00ed en la Vuelta: \u00abLos deportistas no son culpables del conflicto\u00bb &#8211; La Voz de Asturias"},"content":{"rendered":"<ol>\n<li><a href=\"https:\/\/news.google.com\/rss\/articles\/CBMi_wFBVV95cUxNdmplVGNvRXl0d0JwRTN0MTkwZ1ZndjZhcVE2bE1Wc0xJTzJYc3gzZmZBT1U1aFVVSTNxUjhCdVJQTDlVS2JXbkxPak5zSzZLbE1zZUFBNnpITUdNbEhXSldMdzV6ZFVXVnNBNnN1QmJSSk5tS3N4cFZZajhteWotc2FOSG9nX0loNlNMMTFLS3M0SHcwQUFnSnpYR21DR2RDR2c1SzlkRkN0NnFqXzMyQmFVZWdUeU5TeUpxV1lpdEREUXE1cnFqU1ZCeFllM1ZPWFdWX3I0Q29iYld3Q0I3UnpLcVBMQzdESW5TNVE2UUJ2SENSUEpkMk8yV3hteUXSAZsCQVVfeXFMTkFub04xNk80eWU5LUlDRTQzcnB6U2RmWjhmWUlzRE80RGJuOGxZRzNNR09fZENPeF95MmxiZlBQZjM1U3Q1bWsyazF3UTB6c2ZvZGZDbDdHVFphOG1FUWxiZFFmMzdIalZWUy13MmdQM0JsbGRIME9HcDIxN1VDd0V3RnFrNGFTNzBWdEljeWR0SE5tZ1NoUWtCSjZRN01YN2NQU3BIc0xZcUdHZGdiWHNQc0ZCOVdFWU9samtuQ3Y4WVJhQUdVb3IwNEdSNzFlc2hta0ZTM3NmNUdTek4xVlFhZElDM2FMYnNUUVNad09kamVCUkVDbE05OC1nS2dMaGlTMWJfV3NUQW1valJnZlpzWGI2cjdPdEZtQQ?oc=5\" target=\"_blank\" rel=\"nofollow noopener\">Queipo, sobre las protestas contra el equipo israel\u00ed en la Vuelta: \u00abLos deportistas no son culpables del conflicto\u00bb<\/a>&nbsp;&nbsp;La Voz de Asturias<\/li>\n<li><a href=\"https:\/\/news.google.com\/rss\/articles\/CBMixwFBVV95cUxNRXRCRFd5aU16NGFQUjhPZ1NSVUFoM0JsQUFoV3VncmtvbFBKQjFyU3pVdWVRSUctVzRQR25yalkyT1hGdktBSm8xQmNkMk9yQXItRFVXb2dFVks5NFExdkNrZ0xSOHhmbnJubWlXWWxEN1Zfd3NETTI4VEZDblhvNWxiTGdnTTNobm0yR0N4ZnZ0TmZDRzFyQnVPZEdYbUl5YkJYZGlQS3RrUk5sY3FtOTVITVpuckNkeFlUSGctSFN1QV9sU284?oc=5\" target=\"_blank\" rel=\"nofollow noopener\">\u00c1lvaro Queipo afirma que las manifestaciones propalestinas en la Vuelta \u00abdan una imagen de nuestra tierra que no se corresponde con lo que realmente somos\u00bb<\/a>&nbsp;&nbsp;El Comercio<\/li>\n<li><a href=\"https:\/\/news.google.com\/rss\/articles\/CBMizAFBVV95cUxQWmdhcllSZERWWkZNNlk3cmRDV1RNb0JOMUtFRnlROUl3VTBENTZheklGSElfWTNaaXVIcG0tRkcwSDM3a05BS2JZS1FrX1ZNRlU5aC1ET3U2eXFsM1R2WmdFNlJMdVI1Q2tyUWpkVU9xLXVrUWEtazhTYU96azdmcnpJRmp4Y2RtQmNaX21wM2c3dmZxRWQzSTNsZUhZSklzSDdLdDEzUG03YVhCZ1FoR2ZpQnoxUVNFaFNRTTE5Ym1udGVyQjFFTGVzcnPSAdIBQVVfeXFMT3R5S1hUeVRsRmJNWWo4cUtGc1p4UjUwNHdZVlBRamJpUDlOMzNMdHkwWjJxTFpJc0N1TGM3QWFBYUhwV0tZZW45dEloczN2ZGhjNFM1azlZYWx1MXM2bDNyNUhkUlphb0hhcVo1U1hPS2FxNVRQTVp6eXg1NVFGX2lPNjNTVWlvNDRsN0NoT3JzTDNpaW1SZjN1VUpQSW5Hb2gzX1kzSFB2cTlISGNCZDh3UmF2UllzZEo0eWdIMURzNlY4Mk1zd0xQVjhYQUl5X1F3?oc=5\" target=\"_blank\" rel=\"nofollow noopener\">El rector defende la universid\u00e1 p\u00fablica na apertura del cursu<\/a>&nbsp;&nbsp;rtpa.es<\/li>\n<li><a href=\"https:\/\/news.google.com\/rss\/articles\/CBMi3gFBVV95cUxNR1BXSmVnaUZRREdvOVRnU2JHXzJuYnRoNFp3TXZDTndqZFBNQ09hZ1l5SUYtTm1wc3FubW1sWUE3RmFhMVd3OGxJa3gyQVVzNGJuMERZbnBTOWh2cHN4UHdpYk50aTJPdkRJd0RWekFIQ25ubl9JZFl6bGNXeUJMSE52b21Idk0xV0tsckFXVUF5VlY5eFlKbDVORmpFWDVSVHI3RzliU29rdWJTTmtNQ05CNHBUYm5RZWpLc3dXRFlkTHB1VUg4VF9QeFR5TkZndHN4UHFxSGNRczVEM1E?oc=5\" target=\"_blank\" rel=\"nofollow noopener\">Tom\u00e9 (G. Mixto) exige a Barb\u00f3n que presione al Gobierno y al CSD por la participaci\u00f3n del equipo israel\u00ed en la Vuelta<\/a>&nbsp;&nbsp;Europa Press<\/li>\n<li><a href=\"https:\/\/news.google.com\/rss\/articles\/CBMihwJBVV95cUxPU3VUb3RqSFJOSjh6TExQQUVyR2hrbUpkbHlPeEVIcktqQTd2NGNYOWVzai10YTNTeUR0Rk9rbC16Mm1hR1VsMkxISjM2VFpJZjBLcTB6c0ZBVGs1aTg4dldheGVEMDRWSzdEUHNtemhoSWdKRU81Q3BfY1J3SUZERkhzU2RoNGNNcTRmeUQyY2pyY2x2c2dSWTZ1cTYteTk1WnpOa0dqV1lfMVlra3pqbHlFV0ZoT0NuSDRkaXd5LThQeVprUHEwcjFpaGZxOGNRZUlzbVd3aDl2SUdwRkxDTy11NmIyQXZGTmcxZE9IUUd3eFFQS3gyMFdjZERxSFdhYnhLaVVaZ9IBowJBVV95cUxOdVJwOENOd09Cb0FSb3VCSERQT0RuWWJscU1aTTBTUlBrejRjTFBIOFJESVFPNGtYZUJTcTUxZmM2SzZWSmNRNVE0eXE4OHdQYlRVYzcteEkxRVN2S2lNdHJscFZ1d2hBbnJraDQ2N0lTOUN3endlMkhYWEhmeW5sSGswZGxLT0dRdjY3QU4zMEt5UG83YlBSak5Fa0NhVWNtcUxNMjc0dWViWkRkOS1TOEVkX1FuWXlNQm5scUllM3lSY1d5MnJITl9yZnlHOGEwY1ItbHFsU083WDlPYW8wWk52emdBYy13cUtza01aV08tSFlORG5uUHlSdjZpaFZZTjlYSmNUTTdCdzhpV2k0WFNxUGhyUzhSTUFWMm84SzNoT3M?oc=5\" target=\"_blank\" rel=\"nofollow noopener\">Barb\u00f3n respalda la protesta ciudadana por Gaza: \u00abEsto es un genocidio y la comunidad internacional debe actuar con valent\u00eda\u00bb<\/a>&nbsp;&nbsp;La Voz de Asturias<\/li>\n<\/ol>\n","protected":false},"excerpt":{"rendered":"Queipo, sobre las protestas contra el equipo israel\u00ed en la Vuelta: \u00abLos deportistas no son culpables del conflicto\u00bb&nbsp;&nbsp;La&hellip;\n","protected":false},"author":2,"featured_media":99412,"comment_status":"","ping_status":"","sticky":false,"template":"","format":"standard","meta":{"footnotes":""},"categories":[273],"tags":[313,312,168,25,24,23,167],"class_list":{"0":"post-99621","1":"post","2":"type-post","3":"status-publish","4":"format-standard","5":"has-post-thumbnail","7":"category-ciclismo","8":"tag-ciclismo","9":"tag-cycling","10":"tag-deportes","11":"tag-es","12":"tag-espana","13":"tag-spain","14":"tag-sports"},"share_on_mastodon":{"url":"","error":""},"_links":{"self":[{"href":"https:\/\/www.europesays.com\/es\/wp-json\/wp\/v2\/posts\/99621","targetHints":{"allow":["GET"]}}],"collection":[{"href":"https:\/\/www.europesays.com\/es\/wp-json\/wp\/v2\/posts"}],"about":[{"href":"https:\/\/www.europesays.com\/es\/wp-json\/wp\/v2\/types\/post"}],"author":[{"embeddable":true,"href":"https:\/\/www.europesays.com\/es\/wp-json\/wp\/v2\/users\/2"}],"replies":[{"embeddable":true,"href":"https:\/\/www.europesays.com\/es\/wp-json\/wp\/v2\/comments?post=99621"}],"version-history":[{"count":0,"href":"https:\/\/www.europesays.com\/es\/wp-json\/wp\/v2\/posts\/99621\/revisions"}],"wp:featuredmedia":[{"embeddable":true,"href":"https:\/\/www.europesays.com\/es\/wp-json\/wp\/v2\/media\/99412"}],"wp:attachment":[{"href":"https:\/\/www.europesays.com\/es\/wp-json\/wp\/v2\/media?parent=99621"}],"wp:term":[{"taxonomy":"category","embeddable":true,"href":"https:\/\/www.europesays.com\/es\/wp-json\/wp\/v2\/categories?post=99621"},{"taxonomy":"post_tag","embeddable":true,"href":"https:\/\/www.europesays.com\/es\/wp-json\/wp\/v2\/tags?post=99621"}],"curies":[{"name":"wp","href":"https:\/\/api.w.org\/{rel}","templated":true}]}}