{"id":99630,"date":"2025-09-07T15:58:17","date_gmt":"2025-09-07T15:58:17","guid":{"rendered":"https:\/\/www.europesays.com\/es\/99630\/"},"modified":"2025-09-07T15:58:17","modified_gmt":"2025-09-07T15:58:17","slug":"arte-y-espiritualidad-sera-la-nueva-gran-exposicion-de-pintura-en-el-niemeyer-nortes","status":"publish","type":"post","link":"https:\/\/www.europesays.com\/es\/99630\/","title":{"rendered":"&#8216;Arte y Espiritualidad\u00bb ser\u00e1 la nueva gran exposici\u00f3n de pintura en el Niemeyer &#8211; Nortes"},"content":{"rendered":"<p>La exposici\u00f3n \u2018Arte y Espiritualidad. Imaginar lo extraordinario en la Colecci\u00f3n BBVA\u2019 llega al Centro Niemeyer tras su paso por Madrid y Bilbao, una muestra que recoge una selecci\u00f3n de los fondos hist\u00f3ricos y contempor\u00e1neos de la Colecci\u00f3n BBVA en Espa\u00f1a incluidos algunos reconocidos autores asturianos.<\/p>\n<p>El proyecto, comisariado por Alfonso de la Torre y exhibido en el Palacio de San Nicol\u00e1s de Bilbao y en el Real Jard\u00edn Bot\u00e1nico de Madrid, se presentar\u00e1 desde el 10 de octubre y hasta el mes de febrero de 2026 en el Centro Niemeyer, a trav\u00e9s de cuatro cap\u00edtulos, una selecci\u00f3n de obras de la Colecci\u00f3n BBVA.<\/p>\n<p>M\u00e1s de cuarenta piezas de cuarenta y cuatro artistas distribuidas en cuatro secciones proponen un encuentro entre la colecci\u00f3n de arte antiguo y la de los siglos XX y XXI, a trav\u00e9s de la pintura, escultura y fotograf\u00eda, adem\u00e1s de algunas obras prestadas por cortes\u00eda de otras colecciones.\u00a0<\/p>\n","protected":false},"excerpt":{"rendered":"La exposici\u00f3n \u2018Arte y Espiritualidad. Imaginar lo extraordinario en la Colecci\u00f3n BBVA\u2019 llega al Centro Niemeyer tras su&hellip;\n","protected":false},"author":2,"featured_media":99631,"comment_status":"","ping_status":"","sticky":false,"template":"","format":"standard","meta":{"footnotes":""},"categories":[173],"tags":[229,233,231,230,232,234,146,147,25,24,23465,23,35384],"class_list":{"0":"post-99630","1":"post","2":"type-post","3":"status-publish","4":"format-standard","5":"has-post-thumbnail","7":"category-arte-y-diseno","8":"tag-arte","9":"tag-arte-y-diseno","10":"tag-arts","11":"tag-arts-and-design","12":"tag-design","13":"tag-diseno","14":"tag-entertainment","15":"tag-entretenimiento","16":"tag-es","17":"tag-espana","18":"tag-niemeyer","19":"tag-spain","20":"tag-temes_cabecera"},"share_on_mastodon":{"url":"","error":""},"_links":{"self":[{"href":"https:\/\/www.europesays.com\/es\/wp-json\/wp\/v2\/posts\/99630","targetHints":{"allow":["GET"]}}],"collection":[{"href":"https:\/\/www.europesays.com\/es\/wp-json\/wp\/v2\/posts"}],"about":[{"href":"https:\/\/www.europesays.com\/es\/wp-json\/wp\/v2\/types\/post"}],"author":[{"embeddable":true,"href":"https:\/\/www.europesays.com\/es\/wp-json\/wp\/v2\/users\/2"}],"replies":[{"embeddable":true,"href":"https:\/\/www.europesays.com\/es\/wp-json\/wp\/v2\/comments?post=99630"}],"version-history":[{"count":0,"href":"https:\/\/www.europesays.com\/es\/wp-json\/wp\/v2\/posts\/99630\/revisions"}],"wp:featuredmedia":[{"embeddable":true,"href":"https:\/\/www.europesays.com\/es\/wp-json\/wp\/v2\/media\/99631"}],"wp:attachment":[{"href":"https:\/\/www.europesays.com\/es\/wp-json\/wp\/v2\/media?parent=99630"}],"wp:term":[{"taxonomy":"category","embeddable":true,"href":"https:\/\/www.europesays.com\/es\/wp-json\/wp\/v2\/categories?post=99630"},{"taxonomy":"post_tag","embeddable":true,"href":"https:\/\/www.europesays.com\/es\/wp-json\/wp\/v2\/tags?post=99630"}],"curies":[{"name":"wp","href":"https:\/\/api.w.org\/{rel}","templated":true}]}}