{"id":99668,"date":"2025-09-07T16:22:07","date_gmt":"2025-09-07T16:22:07","guid":{"rendered":"https:\/\/www.europesays.com\/es\/99668\/"},"modified":"2025-09-07T16:22:07","modified_gmt":"2025-09-07T16:22:07","slug":"homenaje-en-vitigudino-al-pintor-vidal-gonzalez-arenal-en-su-centenario-salamancartv-al-dia","status":"publish","type":"post","link":"https:\/\/www.europesays.com\/es\/99668\/","title":{"rendered":"Homenaje en Vitigudino al pintor Vidal Gonz\u00e1lez Arenal en su centenario &#8211; SALAMANCArtv AL D\u00cdA"},"content":{"rendered":"<p class=\"prip\"><strong>Vitigudino<\/strong> ha saldado este s\u00e1bado una deuda hist\u00f3rica con uno de sus hijos m\u00e1s ilustres. En un acto cargado de emoci\u00f3n y solemnidad, el municipio ha inmortalizado la figura del pintor <strong>Vidal Gonz\u00e1lez Arenal<\/strong> (1859-1924) con el descubrimiento de una placa conmemorativa en la fachada de la Casa Consistorial, justo cuando se cumple el <strong>centenario de su fallecimiento<\/strong>. El teniente de alcalde, <strong>Jos\u00e9 Antonio P\u00e9rez Blanco<\/strong>, visiblemente emocionado, ha sido el encargado de desvelar la placa ante la ausencia del alcalde, Javier Mu\u00f1iz, poniendo el broche de oro a un a\u00f1o dedicado a rescatar y enaltecer el legado del artista.<\/p>\n<p>Este homenaje institucional culmina un intenso periodo de actividades que han buscado reposicionar a Gonz\u00e1lez Arenal en el lugar que le corresponde en la historia del arte salmantino. La iniciativa m\u00e1s destacada a nivel provincial ha sido la gran exposici\u00f3n en el <strong>Palacio Episcopal de Salamanca<\/strong>, una muestra que ha reunido 34 obras para profundizar en el legado art\u00edstico y espiritual del pintor. A nivel local, el tributo ha sido igualmente significativo. Durante el verano, entre el 12 de julio y el 7 de septiembre, la iglesia parroquial de <strong>San Nicol\u00e1s de Bari<\/strong> acogi\u00f3 una exitosa exposici\u00f3n que combin\u00f3 tres valiosas obras del artista, custodiadas en el convento de las Madres Agustinas Recoletas, con una importante aportaci\u00f3n del Ayuntamiento, que incluy\u00f3 r\u00e9plicas de sus cuadros costumbristas, paneles explicativos y la proyecci\u00f3n de un v\u00eddeo biogr\u00e1fico.<\/p>\n<p>Precisamente, la jornada de este s\u00e1bado ha comenzado en el interior del templo parroquial, en un acto conducido por el sacerdote <strong>Juan Andr\u00e9s Mart\u00edn<\/strong> que ha servido para desgranar las m\u00faltiples facetas del pintor a trav\u00e9s de las voces de quienes han estudiado su obra y su vida.<\/p>\n<p>Un artista polifac\u00e9tico y un hombre de fe<\/p>\n<p>El p\u00e1rroco de Vitigudino, <strong>Francisco Fraile<\/strong>, ha sido el primero en intervenir, destacando la dimensi\u00f3n espiritual del artista. \u00abHemos visto c\u00f3mo la pintura es un don de dios para los creyentes y no creyentes\u00bb, ha afirmado, subrayando la versatilidad de un pintor que supo plasmar desde escenas religiosas de profunda delicadeza, como el \u2018Entierro de Cristo\u2019, hasta los bailes charros y las bodas serranas. Fraile tambi\u00e9n ha celebrado el \u00e9xito de la exposici\u00f3n local, que ha recibido la visita de unas <strong>800 personas<\/strong>, cuyos comentarios \u00absiempre son favorables\u00bb.<\/p>\n<p>A continuaci\u00f3n, los miembros del grupo &#8216;Fe y Arte&#8217;, <strong>Charo Alonso<\/strong> y <strong>Javier Bl\u00e1zquez<\/strong>, han ofrecido dos semblanzas complementarias. Alonso se ha centrado en el lado m\u00e1s humano y personal del pintor, un hombre marcado por una infancia dif\u00edcil tras quedar hu\u00e9rfano. \u00abEs una emoci\u00f3n intensa estar en Vitigudino otra vez, y, sobre todo, pensando que <strong>por fin es profeta en su tierra Vidal Gonz\u00e1lez Arenal<\/strong>\u00ab, ha expresado. Ha invitado a los presentes a observar las \u00abmaternidades y paternidades\u00bb en sus cuadros, reflejo de un anhelo familiar forjado en la adversidad y de su profundo amor por su tierra, a la que siempre regresaba.<\/p>\n<p>Por su parte, <strong>Javier Bl\u00e1zquez<\/strong> ha ofrecido una rigurosa perspectiva hist\u00f3rico-art\u00edstica, calificando a Gonz\u00e1lez Arenal como \u00abel gran pintor de la historia del arte de Salamanca\u00bb en el tr\u00e1nsito del siglo XIX al XX. Bl\u00e1zquez ha descrito su estilo como un realismo academicista que, aunque conoci\u00f3 las vanguardias europeas durante sus estancias en Roma, Par\u00eds o Florencia, nunca quiso abrazarlas del todo. \u00abCon Gonz\u00e1lez Arenal es lo contrario de que hay artistas que quieren y no pueden; <strong>\u00e9l puede, pero no quiere<\/strong>\u00ab, ha sentenciado, defini\u00e9ndolo como \u00abel m\u00e1s brillante y el mejor dotado de los pintores salmantinos del siglo XIX\u00bb.<\/p>\n<p>El legado de un maestro<\/p>\n<p><strong>Tom\u00e1s Gil<\/strong>, director del Servicio Diocesano de Patrimonio Art\u00edstico, ha contextualizado la figura del pintor en la renovaci\u00f3n cultural que impuls\u00f3 el obispo C\u00e1mara en Salamanca, quien fue clave para su regreso desde Roma en 1904. Gil ha destacado que el legado de Vidal no se limita a sus lienzos, sino que se extiende a sus alumnos. Parafraseando a Fray Luis sobre Santa Teresa, ha se\u00f1alado: \u00abSe puede decir exactamente lo mismo de Vidal Gonz\u00e1lez Arenal, <strong>est\u00e1 en sus obras y en sus disc\u00edpulos<\/strong>\u00ab, como Gonz\u00e1lez y Zubierna, a quienes transmiti\u00f3 su pasi\u00f3n y el conocimiento de las nuevas tendencias.<\/p>\n<p>En nombre de la familia, <strong>Marta Garc\u00eda<\/strong> ha cerrado el turno de intervenciones en la iglesia agradeciendo la iniciativa conjunta de la Di\u00f3cesis y el Ayuntamiento. \u00abHemos trabajado como un equipo con un objetivo, que ha sido el dar a conocer a este gran pintor salmantino\u00bb, ha manifestado, compartiendo su emoci\u00f3n al contemplar en persona el retablo de la iglesia, cuyos bocetos hab\u00eda admirado en casa.<\/p>\n<p>Un reconocimiento centenario<\/p>\n<p>Tras el acto en la iglesia, la comitiva se ha trasladado a la Plaza de Espa\u00f1a, donde el teniente de alcalde, <strong>Jos\u00e9 Antonio P\u00e9rez Blanco<\/strong>, ha pronunciado un discurso antes de descubrir la placa. Ha recordado que Vitigudino ya reconoci\u00f3 a su ilustre vecino hace 100 a\u00f1os, tras su muerte, al nominar la <strong>calle de la fachada principal de la Casa Consistorial con su nombre.<\/strong> P\u00e9rez Blanco ha resaltado la \u00abdimensi\u00f3n humana de su persona\u00bb, forjada en sus vivencias en Vitigudino y Guadramiro, y su faceta de entrega desinteresada, especialmente en su labor docente en la <strong>Escuela de San Eloy de Salamanca<\/strong>, que acog\u00eda a \u00abni\u00f1os de origen humilde\u00bb. \u00abSu lema era: todo pensionado debe sacrificarse por el pueblo que le ha ayudado. Sin duda, \u00e9l lo practic\u00f3\u00bb, ha concluido emocionado.<\/p>\n<p>Finalizada el descubrimiento de la placa, en la que reza: \u00abEl Ilmo. Ayuntamiento de Vitigudino, a su hijo distinguido, el pintor Vidal Gonz\u00e1lez Arenal, por el centenario de su fallecimiento (1925). Vitigudino, 6 de septiembre de 2025\u00bb, la representante de la familia, Marta Garc\u00eda, estamp\u00f3 su <strong>firma en el libro de visitas del Ayuntamiento<\/strong>.<\/p>\n<p>Al acto han asistido los concejales del equipo de Gobierno, <strong>Chago Vicente, Germ\u00e1n Vicente e Isabel Ca\u00f1izal<\/strong>, y por la oposici\u00f3n, las concejalas del PP, <strong>Luisa de Paz y Mar\u00eda Jos\u00e9 Vicente<\/strong>. Por la relaci\u00f3n que el pintor tuvo con Guadramiro, tambi\u00e9n asisti\u00f3 su alcalde, <strong>Albert Calder\u00f3n<\/strong>. Asimismo, ha estado presente la dise\u00f1adora gr\u00e1fica y miembro de \u2018Fe y Arte\u2019, <strong>Carmen Borrego<\/strong>, en una jornada que refrenda, un siglo despu\u00e9s, el lugar de honor que Vidal Gonz\u00e1lez Arenal ocupa en el coraz\u00f3n de su pueblo natal.<\/p>\n","protected":false},"excerpt":{"rendered":"Vitigudino ha saldado este s\u00e1bado una deuda hist\u00f3rica con uno de sus hijos m\u00e1s ilustres. En un acto&hellip;\n","protected":false},"author":2,"featured_media":99669,"comment_status":"","ping_status":"","sticky":false,"template":"","format":"standard","meta":{"footnotes":""},"categories":[173],"tags":[17347,17348,229,233,231,230,232,234,146,147,25,24,35430,23,17344],"class_list":{"0":"post-99668","1":"post","2":"type-post","3":"status-publish","4":"format-standard","5":"has-post-thumbnail","7":"category-arte-y-diseno","8":"tag-arribes","9":"tag-arribes-al-dia","10":"tag-arte","11":"tag-arte-y-diseno","12":"tag-arts","13":"tag-arts-and-design","14":"tag-design","15":"tag-diseno","16":"tag-entertainment","17":"tag-entretenimiento","18":"tag-es","19":"tag-espana","20":"tag-homenaje-vidal-gonzalez-arenal","21":"tag-spain","22":"tag-vitigudino"},"share_on_mastodon":{"url":"","error":""},"_links":{"self":[{"href":"https:\/\/www.europesays.com\/es\/wp-json\/wp\/v2\/posts\/99668","targetHints":{"allow":["GET"]}}],"collection":[{"href":"https:\/\/www.europesays.com\/es\/wp-json\/wp\/v2\/posts"}],"about":[{"href":"https:\/\/www.europesays.com\/es\/wp-json\/wp\/v2\/types\/post"}],"author":[{"embeddable":true,"href":"https:\/\/www.europesays.com\/es\/wp-json\/wp\/v2\/users\/2"}],"replies":[{"embeddable":true,"href":"https:\/\/www.europesays.com\/es\/wp-json\/wp\/v2\/comments?post=99668"}],"version-history":[{"count":0,"href":"https:\/\/www.europesays.com\/es\/wp-json\/wp\/v2\/posts\/99668\/revisions"}],"wp:featuredmedia":[{"embeddable":true,"href":"https:\/\/www.europesays.com\/es\/wp-json\/wp\/v2\/media\/99669"}],"wp:attachment":[{"href":"https:\/\/www.europesays.com\/es\/wp-json\/wp\/v2\/media?parent=99668"}],"wp:term":[{"taxonomy":"category","embeddable":true,"href":"https:\/\/www.europesays.com\/es\/wp-json\/wp\/v2\/categories?post=99668"},{"taxonomy":"post_tag","embeddable":true,"href":"https:\/\/www.europesays.com\/es\/wp-json\/wp\/v2\/tags?post=99668"}],"curies":[{"name":"wp","href":"https:\/\/api.w.org\/{rel}","templated":true}]}}