{"id":99681,"date":"2025-09-07T16:31:11","date_gmt":"2025-09-07T16:31:11","guid":{"rendered":"https:\/\/www.europesays.com\/es\/99681\/"},"modified":"2025-09-07T16:31:11","modified_gmt":"2025-09-07T16:31:11","slug":"a-que-hora-es-mas-barata-la-luz-hoy-lunes-8-de-septiembre-en-espana-el-cronista","status":"publish","type":"post","link":"https:\/\/www.europesays.com\/es\/99681\/","title":{"rendered":"\u00bfA qu\u00e9 hora es m\u00e1s barata la luz hoy lunes 8 de septiembre en Espa\u00f1a? &#8211; El Cronista"},"content":{"rendered":"<ol>\n<li><a href=\"https:\/\/news.google.com\/rss\/articles\/CBMiugFBVV95cUxQUnlfRGNZbGJMcTVLU2F6SHRaZlJEeDdCUTFvU0pNUlQ1R1BBaTJNQndHeWk4Qm8zbEduVEVwLWN5SldLeUNRVU1sbEhMdjNOSEJ2NmdMdlk1RVJqWExvZXRUcW1OQUF0M3VuYmhPRUxSZlp4MmJYYllTV0VrVUJLQy1wdEhQR2RhdkZpUTc5cEtUZlk3dW5rdnlUYW1xWkx2UmZSbG5ZbWo2aE9STkdMUkhvTU51TkxFSlHSAboBQVVfeXFMUFJ5X0RjWWxiTHE1S1Nhekh0WmZSRHg3QlExb1NKTVJUNUdQQWkyTUJ3R3lpOEJvM2xHblRFcC1jeUpXS3lDUVVNbGxITHYzTkhCdjZnTHZZNUVSalhMb2V0VHFtTkFBdDN1bmJoT0VMUmZaeDJiWGJZU1dFa1VCS0MtcHRIUEdkYXZGaVE3OXBLVGZZN3Vua3Z5VGFtcVpMdlJmUmxuWW1qNmhPUk5HTFJIb01OdU5MRUpR?oc=5\" target=\"_blank\" rel=\"nofollow noopener\">\u00bfA qu\u00e9 hora es m\u00e1s barata la luz hoy lunes 8 de septiembre en Espa\u00f1a?<\/a>&nbsp;&nbsp;El Cronista<\/li>\n<li><a href=\"https:\/\/news.google.com\/rss\/articles\/CBMitwFBVV95cUxOclJqLWdwZjF3emU2M3hnYWkxVFA1NUhNUGZMZFVaZkVnWXR4MGFjdnB5MTBDalhKOHdlZ2k1dzlOcndJa0dxUFNOV1hHRzdpWkFYd0VNOEEwN0pNVElNWkV5M0w1Q2E3WWt2aHZ3alN6UXUtVlFRckpoS0cxTG0tbGdxZ0dGX0h0SG9DZVpSaUVrQ0tXbEhfU09RZWxtc1JTczJ2V0NfTHc2Q1NUV3pBcEdXeWJpb1E?oc=5\" target=\"_blank\" rel=\"nofollow noopener\">Precio de la luz por horas el domingo, 07 de septiembre de 2025: los tramos m\u00e1s baratos del d\u00eda<\/a>&nbsp;&nbsp;Diario Sur<\/li>\n<li><a href=\"https:\/\/news.google.com\/rss\/articles\/CBMixwFBVV95cUxQb0NOU2VGaGVvWTJ1a05xeHFfaFdpQ0VFcXNJQnVnTjU0X3VLMHBWN0hLM2dfMFh4SzcxbFlQNXd3djgxVXhNWGtpa1JsSDVuVVRfTFhjRlJoSlB3V3VOQm1yWElFRTk1a1dyRU9Ib2dQekhfbklQYTAxejNzcVJhQS1XY0dPU2JzZ2EzUEFfdDRobEswN0JULVFhS0VVTGJaYm1xQ0ZsTmJRR1lEUXlWWFhRWk9XYWxVVjFMVTdEYlQyb3p3ZDNR?oc=5\" target=\"_blank\" rel=\"nofollow noopener\">Precio de la luz: \u00bfcu\u00e1l es la hora m\u00e1s barata de hoy domingo 7 de septiembre?<\/a>&nbsp;&nbsp;La Vanguardia<\/li>\n<li><a href=\"https:\/\/news.google.com\/rss\/articles\/CBMid0FVX3lxTE5xRE5rSUh3VjdnV2o5d3NzeDNJck1pcWp4aGFTSUlpTGtyN1Rtem80bXhNdkotRVBUdkYyN1Y3Z0Etb1p3Zm1JQmcxdXBEYkJMaTcwaW1OT1I3T2hNNUJVUUlKZS1jVkNQV0ZMb21ldDJkZFo1R3Nv0gF3QVVfeXFMTXluSUpMQUdZZW5QT3BGaWxjYlRyTDB1d3hNc2ZoU1VfdWprbmpDLXJWWWpOWU0tUkdkaV9kbEUyOGh4VUkwSVRDMHFLdnB5V2g0Y1ZaUjlaQ0U4NlV4Sy1Rb1hFaUlaR0VQVExZUjgyNjhsakxjeGs?oc=5\" target=\"_blank\" rel=\"nofollow noopener\">Precio de la luz hoy, s\u00e1bado 6 de septiembre, por horas: \u00bfa qu\u00e9 hora es m\u00e1s barata?<\/a>&nbsp;&nbsp;El Mundo<\/li>\n<li><a href=\"https:\/\/news.google.com\/rss\/articles\/CBMi8AFBVV95cUxPeWlBQklWdmpKYjYwUmxlVHdaYjd0OHptVFk4NlNHNlppUjA1NEdINjFSdnZhVVhuTWpBYlF1MlNGR0VMUU1UUktTYVRxcmFNMkFBZms4TnNEU295dkRUWUhuRDEzSDVSTEN4VlRuTVd6U2x0UTNHMThGQm9jdU9ZbU1tQndFcHZ1LVd2SUxHSXJURTJFOVpIN3h3VFZVZmhqaUctWk90cVZJT2ktY1kyYlNqdmViRUNJU2JmYVgyeUVxb2R3amU3WjJBTmYza0NxLWR0am1vdVp4TG9HdGd0Yi1tWkhENjJQbU5mdXljSnDSAYQCQVVfeXFMUG9saWtEV0xFcWM1S3hKYnYtaGNMMnY5QmhUNFZ1cW1rZFk4S2lhZVpQMWVzemoxWGhNNFFzbzhiNFBzYm5WSWRvLXByNXBoQlRFTEoyVFF6Z29ac2JtNzZQY09rX0hmaGtIc3lFRHI1RXdEQWRVOU54VTdnVURRSVVURzFXeFZuYVN2Qk1OQXVIY3R2MW11SEozWU94Wmc2cXVNMll1eGo1bE92MW43Z05JR1BVbm5lWlhkVHN1R0RWYk1wRlpVVVdZVVR2dWpqY2lYNDc4M1ZMbFByc2hNLUQzZlNpWlZQdUx6amU5dnJLeFBKQnAteHZzY1lvN2t0NTRvS1g?oc=5\" target=\"_blank\" rel=\"nofollow noopener\">Precio de la luz hoy, domingo 7 de septiembre, por horas: aprovecha esta tarde para encender tus aparatos<\/a>&nbsp;&nbsp;La Raz\u00f3n<\/li>\n<\/ol>\n","protected":false},"excerpt":{"rendered":"\u00bfA qu\u00e9 hora es m\u00e1s barata la luz hoy lunes 8 de septiembre en Espa\u00f1a?&nbsp;&nbsp;El Cronista Precio de&hellip;\n","protected":false},"author":2,"featured_media":99682,"comment_status":"","ping_status":"","sticky":false,"template":"","format":"standard","meta":{"footnotes":""},"categories":[80],"tags":[82,95,94,25,24,7968,23],"class_list":{"0":"post-99681","1":"post","2":"type-post","3":"status-publish","4":"format-standard","5":"has-post-thumbnail","7":"category-economia","8":"tag-business","9":"tag-economia","10":"tag-economy","11":"tag-es","12":"tag-espana","13":"tag-precio-de-la-luz","14":"tag-spain"},"share_on_mastodon":{"url":"","error":""},"_links":{"self":[{"href":"https:\/\/www.europesays.com\/es\/wp-json\/wp\/v2\/posts\/99681","targetHints":{"allow":["GET"]}}],"collection":[{"href":"https:\/\/www.europesays.com\/es\/wp-json\/wp\/v2\/posts"}],"about":[{"href":"https:\/\/www.europesays.com\/es\/wp-json\/wp\/v2\/types\/post"}],"author":[{"embeddable":true,"href":"https:\/\/www.europesays.com\/es\/wp-json\/wp\/v2\/users\/2"}],"replies":[{"embeddable":true,"href":"https:\/\/www.europesays.com\/es\/wp-json\/wp\/v2\/comments?post=99681"}],"version-history":[{"count":0,"href":"https:\/\/www.europesays.com\/es\/wp-json\/wp\/v2\/posts\/99681\/revisions"}],"wp:featuredmedia":[{"embeddable":true,"href":"https:\/\/www.europesays.com\/es\/wp-json\/wp\/v2\/media\/99682"}],"wp:attachment":[{"href":"https:\/\/www.europesays.com\/es\/wp-json\/wp\/v2\/media?parent=99681"}],"wp:term":[{"taxonomy":"category","embeddable":true,"href":"https:\/\/www.europesays.com\/es\/wp-json\/wp\/v2\/categories?post=99681"},{"taxonomy":"post_tag","embeddable":true,"href":"https:\/\/www.europesays.com\/es\/wp-json\/wp\/v2\/tags?post=99681"}],"curies":[{"name":"wp","href":"https:\/\/api.w.org\/{rel}","templated":true}]}}