{"id":99689,"date":"2025-09-07T16:36:26","date_gmt":"2025-09-07T16:36:26","guid":{"rendered":"https:\/\/www.europesays.com\/es\/99689\/"},"modified":"2025-09-07T16:36:26","modified_gmt":"2025-09-07T16:36:26","slug":"no-habra-mas-corridas-de-toros-la-corte-constitucional-ratifico-decision-de-restringir-practicas-violentas-con-animales","status":"publish","type":"post","link":"https:\/\/www.europesays.com\/es\/99689\/","title":{"rendered":"No habr\u00e1 m\u00e1s corridas de toros: la Corte Constitucional ratific\u00f3 decisi\u00f3n de restringir pr\u00e1cticas violentas con animales"},"content":{"rendered":"<p><img alt=\"La Corte Constitucional de Colombia\" class=\"global-image\" decoding=\"async\" fetchpriority=\"high\" height=\"1837\" loading=\"eager\" src=\"https:\/\/www.europesays.com\/es\/wp-content\/uploads\/2025\/09\/5FE6XYNZDBDB3GNJR45V4RX6PA.jpg\" width=\"3000\"\/>La Corte Constitucional de Colombia ha ratificado la prohibici\u00f3n de las corridas de toros &#8211; cr\u00e9dito Kai F\u00f6rsterling\/EFE<\/p>\n<p class=\"paragraph\">La Corte Constitucional de Colombia ratific\u00f3 decisi\u00f3n hist\u00f3rica en el \u00e1mbito de los derechos de los animales y la \u00e9tica en las tradiciones culturales. El 4 de septiembre de 2025, el alto tribunal dej\u00f3 en firme la Ley 2385 de 2024, conocida como la Ley No M\u00e1s Ol\u00e9, que proh\u00edbe las corridas de toros en el pa\u00eds, y, adem\u00e1s, orden\u00f3 la restricci\u00f3n total de las cabalgatas, los toros coleados, las corralejas y las peleas de gallos. <\/p>\n<p class=\"paragraph\">La decisi\u00f3n, que pone fin a una larga lucha entre defensores de los derechos animales y quienes abogan por la conservaci\u00f3n de estas tradiciones, marca un hito en la legislaci\u00f3n colombiana.<\/p>\n<p class=\"paragraph\"><b>Ahora puede seguirnos en<\/b><a rel=\"noopener nofollow\" href=\"https:\/\/www.facebook.com\/infobaecolombia\" target=\"_blank\"><b> Facebook<\/b><\/a><b> y en nuestro<\/b><a rel=\"noopener nofollow\" href=\"https:\/\/whatsapp.com\/channel\/0029Va4oNEALikgEL4Y8mb2K\" target=\"_blank\"><b> WhatsApp Channel<\/b><\/a><b>.<\/b><\/p>\n<p class=\"paragraph\">En una sentencia que alcanz\u00f3 un fallo un\u00e1nime, <b>la Corte ratific\u00f3 que las pr\u00e1cticas de maltrato animal inherentes a estas actividades atentan contra los principios constitucionales de dignidad humana y el bienestar de los seres vivos. <\/b><\/p>\n<p class=\"paragraph\">La decisi\u00f3n se centra en una tendencia global de repensar la relaci\u00f3n entre los humanos y los animales, y en particular, cuestionar las pr\u00e1cticas culturales que implican sufrimiento para los seres no humanos.<\/p>\n<p><img alt=\"La medida de la Corte\" class=\"global-image\" decoding=\"async\" fetchpriority=\"low\" height=\"816\" loading=\"lazy\" src=\"https:\/\/www.europesays.com\/es\/wp-content\/uploads\/2025\/09\/QSBE6MFKAFB5BG4QREOAMNXMXA.jpg\" width=\"1456\"\/>La medida de la Corte Constitucional pone fin a una larga lucha por la \u00e9tica y los derechos de los animales en el pa\u00eds &#8211; Imagen Ilustrativa Infobae<\/p>\n<p class=\"paragraph\">La Ley No M\u00e1s Ol\u00e9, que fue impulsada por la senadora Esmeralda Hern\u00e1ndez, fue aprobada por el Congreso en 2024 despu\u00e9s de un intenso debate p\u00fablico y pol\u00edtico.<b> La norma tiene como objetivo eliminar de manera progresiva las corridas de toros y otras pr\u00e1cticas similares que, seg\u00fan los defensores de la ley, implican sufrimiento innecesario para los animales.<\/b><\/p>\n<p class=\"paragraph\">Pese a que la iniciativa pas\u00f3 todos los debates en el Congreso de la Rep\u00fablica y fue sancionado por el presidente de la Rep\u00fablica, Gustavo Petro Urrego, fue objeto de varias demandas que cuestionaban su constitucionalidad. Los demandantes argumentaron que la norma vulneraba la protecci\u00f3n de la diversidad cultural y el patrimonio de la naci\u00f3n, afectaba el libre desarrollo de la personalidad, restring\u00eda la libertad de expresi\u00f3n y atentaba contra los derechos adquiridos y la propiedad privada de quienes se dedican a la tauromaquia y actividades asociadas.<\/p>\n<p class=\"paragraph\">Sin embargo, la Corte Constitucional desestim\u00f3 estos argumentos al retirar el velo de \u201cculturalidad\u201d que los defensores de la tauromaquia intentaron utilizar para justificar el sufrimiento de los animales. En su fallo, el tribunal prioriz\u00f3 la protecci\u00f3n de los derechos de los animales, considerando que el maltrato no puede ser defendido bajo el pretexto de una tradici\u00f3n cultural.<\/p>\n<p><img alt=\"La Corte Constitucional de Colombia\" class=\"global-image\" decoding=\"async\" fetchpriority=\"low\" height=\"3667\" loading=\"lazy\" src=\"https:\/\/www.europesays.com\/es\/wp-content\/uploads\/2025\/09\/1757262986_657_IH4CGDHTYQOIUIYX5UHMEZTVGE.jpg\" width=\"5500\"\/>La Corte Constitucional de Colombia aprob\u00f3 definitivamente la Ley No M\u00e1s Ol\u00e9 &#8211; cr\u00e9dito Nathalia Angarita\/Reuters<\/p>\n<p class=\"paragraph\">Adem\u00e1s, refut\u00f3 otro de los puntos planteados por los taurinos, quienes se\u00f1alaban la falta de un an\u00e1lisis sobre el impacto econ\u00f3mico que la ley podr\u00eda tener sobre las econom\u00edas locales dependientes de la tauromaquia.<b> La alta corte concluy\u00f3 que dicho impacto no era raz\u00f3n suficiente para mantener pr\u00e1cticas que implican sufrimiento animal.<\/b><\/p>\n<p class=\"paragraph\">Un aspecto particularmente pol\u00e9mico fue la decisi\u00f3n de la Corte de incluir en la prohibici\u00f3n a las actividades de coleo (actividad ecuestre que consiste en derribar a un toro, saltando desde un caballo, sujet\u00e1ndolo por la cola dentro de una manga, repitiendo la acci\u00f3n tantas veces como sea posible en un tiempo de 4 minutos), corralejas y peleas de gallos, las cuales inicialmente hab\u00edan sido excluidas de la medida. <\/p>\n<p class=\"paragraph\">En un par\u00e1grafo adicional, el tribunal estableci\u00f3 un plazo de tres a\u00f1os para que estas actividades se extingan por completo, durante los cuales deber\u00e1n implementarse procesos de reconversi\u00f3n laboral y cultural para las comunidades involucradas en estas pr\u00e1cticas. Este plazo pretende dar tiempo para una transici\u00f3n hacia nuevas formas de entretenimiento y trabajo que no impliquen el maltrato animal.<\/p>\n<p><img alt=\"En una sentencia clave, la\" class=\"global-image\" decoding=\"async\" fetchpriority=\"low\" height=\"3720\" loading=\"lazy\" src=\"https:\/\/www.europesays.com\/es\/wp-content\/uploads\/2025\/09\/2TCL4ZPALBFRVKLWMVYHDY54SU.jpeg\" width=\"5579\"\/>En una sentencia clave, la Corte Constitucional orden\u00f3 que las actividades como el coleo, las corralejas y las peleas de gallos se extingan en un plazo de tres a\u00f1os &#8211; cr\u00e9dito Sergio Acero\/Colprensa<\/p>\n<p class=\"paragraph\">La Corte Constitucional consider\u00f3 que el plazo establecido, que retrasa la implementaci\u00f3n inmediata de la decisi\u00f3n, era adecuado y necesario para iniciar un per\u00edodo de \u201cpreparaci\u00f3n\u201d. Esto permitir\u00e1 comenzar los procesos de \u201creconversi\u00f3n laboral y cultural\u201d necesarios para la eliminaci\u00f3n definitiva de esas actividades.<\/p>\n","protected":false},"excerpt":{"rendered":"La Corte Constitucional de Colombia ha ratificado la prohibici\u00f3n de las corridas de toros &#8211; cr\u00e9dito Kai F\u00f6rsterling\/EFE&hellip;\n","protected":false},"author":2,"featured_media":99690,"comment_status":"","ping_status":"","sticky":false,"template":"","format":"standard","meta":{"footnotes":""},"categories":[277],"tags":[35445,373,168,25,24,23,167,374,444],"class_list":{"0":"post-99689","1":"post","2":"type-post","3":"status-publish","4":"format-standard","5":"has-post-thumbnail","7":"category-toreo","8":"tag-animales-toro","9":"tag-bullfighting","10":"tag-deportes","11":"tag-es","12":"tag-espana","13":"tag-spain","14":"tag-sports","15":"tag-toreo","16":"tag-toros"},"share_on_mastodon":{"url":"","error":""},"_links":{"self":[{"href":"https:\/\/www.europesays.com\/es\/wp-json\/wp\/v2\/posts\/99689","targetHints":{"allow":["GET"]}}],"collection":[{"href":"https:\/\/www.europesays.com\/es\/wp-json\/wp\/v2\/posts"}],"about":[{"href":"https:\/\/www.europesays.com\/es\/wp-json\/wp\/v2\/types\/post"}],"author":[{"embeddable":true,"href":"https:\/\/www.europesays.com\/es\/wp-json\/wp\/v2\/users\/2"}],"replies":[{"embeddable":true,"href":"https:\/\/www.europesays.com\/es\/wp-json\/wp\/v2\/comments?post=99689"}],"version-history":[{"count":0,"href":"https:\/\/www.europesays.com\/es\/wp-json\/wp\/v2\/posts\/99689\/revisions"}],"wp:featuredmedia":[{"embeddable":true,"href":"https:\/\/www.europesays.com\/es\/wp-json\/wp\/v2\/media\/99690"}],"wp:attachment":[{"href":"https:\/\/www.europesays.com\/es\/wp-json\/wp\/v2\/media?parent=99689"}],"wp:term":[{"taxonomy":"category","embeddable":true,"href":"https:\/\/www.europesays.com\/es\/wp-json\/wp\/v2\/categories?post=99689"},{"taxonomy":"post_tag","embeddable":true,"href":"https:\/\/www.europesays.com\/es\/wp-json\/wp\/v2\/tags?post=99689"}],"curies":[{"name":"wp","href":"https:\/\/api.w.org\/{rel}","templated":true}]}}