{"id":99695,"date":"2025-09-07T16:41:11","date_gmt":"2025-09-07T16:41:11","guid":{"rendered":"https:\/\/www.europesays.com\/es\/99695\/"},"modified":"2025-09-07T16:41:11","modified_gmt":"2025-09-07T16:41:11","slug":"un-incidente-y-danos-en-su-williams-dejan-a-carlos-sainz-a-las-puertas-de-los-puntos-en-el-gp-de-italia","status":"publish","type":"post","link":"https:\/\/www.europesays.com\/es\/99695\/","title":{"rendered":"Un incidente y da\u00f1os en su Williams dejan a Carlos Sainz a las puertas de los puntos en el GP de Italia"},"content":{"rendered":"<p>Domingo, 7 de septiembre de 2025:<br \/>&#13;<br \/>\n&#8211; Carrera: P11, 53 vueltas<\/p>\n<ul>&#13;<\/p>\n<li>Un incidente con un rival ha impedido que Carlos Sainz culminase una remontada que le habr\u00eda permitido terminar holgadamente en los puntos del GP de Italia.<\/li>\n<p>&#13;<\/p>\n<li>El piloto de Williams sal\u00eda decimotercero con el neum\u00e1tico medio y ha hecho todo lo posible para extender la vida de sus gomas, sabedor de que podr\u00eda tener una oportunidad de atacar en una segunda mitad de carrera muy r\u00e1pida.<\/li>\n<p>&#13;<\/p>\n<li>En la vuelta 40, ya en plena remontada, el espa\u00f1ol ha superado a Oliver Bearman para entrar en los puntos. Sin embargo, el Haas ha sido demasiado agresivo y, de hecho, ha sido penalizado por causar la colisi\u00f3n que ha acabado en trompo de ambos coches.\u00a0<\/li>\n<p>&#13;<\/p>\n<li>El FW47 de Carlos ha sufrido da\u00f1os en el toque y eso ha ha lastrado la carrera del madrile\u00f1o, que ha terminado en und\u00e9cima posici\u00f3n.<\/li>\n<p>&#13;\n<\/ul>\n<p><strong>DECLARACIONES:<\/strong><br \/>&#13;<br \/>\n\u201cHoy ha sido un d\u00eda duro en la oficina. \u00c9ramos el \u00faltimo coche del grupo que hab\u00eda empezado la carrera con el neum\u00e1tico medio y eso no nos ha dejado mucho margen con la estrategia. He alargado la primera tanda antes de parar y montar el compuesto duro para crear una ventaja comparativa en mis neum\u00e1ticos. Est\u00e1bamos muy bien, haciendo una buena remontada hasta el incidente con Ollie. Con el coche da\u00f1ado, no hemos podido hacer nada m\u00e1s para recuperar m\u00e1s posiciones. Es duro perder puntos importantes y digerir otra carrera como \u00e9sta, pero la velocidad est\u00e1 ah\u00ed y lo haremos lo daremos todo para recuperarnos en Bak\u00fa\u00bb.<\/p>\n<p><strong>PR\u00d3XIMA ACTIVIDAD:<\/strong><br \/>&#13;<br \/>\nGP de Azerbaiy\u00e1n, Baku City Circuit \u2013 19-21 de septiembre de 2025<\/p>\n","protected":false},"excerpt":{"rendered":"Domingo, 7 de septiembre de 2025:&#13; &#8211; Carrera: P11, 53 vueltas &#13; Un incidente con un rival ha&hellip;\n","protected":false},"author":2,"featured_media":99696,"comment_status":"","ping_status":"","sticky":false,"template":"","format":"standard","meta":{"footnotes":""},"categories":[270],"tags":[307,168,25,24,306,271,272,33280,33281,33204,23,167,33279],"class_list":{"0":"post-99695","1":"post","2":"type-post","3":"status-publish","4":"format-standard","5":"has-post-thumbnail","7":"category-formula-1","8":"tag-carlos-sainz","9":"tag-deportes","10":"tag-es","11":"tag-espana","12":"tag-f1","13":"tag-formula-1","14":"tag-formula1","15":"tag-gp-italia","16":"tag-italian-gp","17":"tag-monza","18":"tag-spain","19":"tag-sports","20":"tag-williams-fw37"},"share_on_mastodon":{"url":"","error":""},"_links":{"self":[{"href":"https:\/\/www.europesays.com\/es\/wp-json\/wp\/v2\/posts\/99695","targetHints":{"allow":["GET"]}}],"collection":[{"href":"https:\/\/www.europesays.com\/es\/wp-json\/wp\/v2\/posts"}],"about":[{"href":"https:\/\/www.europesays.com\/es\/wp-json\/wp\/v2\/types\/post"}],"author":[{"embeddable":true,"href":"https:\/\/www.europesays.com\/es\/wp-json\/wp\/v2\/users\/2"}],"replies":[{"embeddable":true,"href":"https:\/\/www.europesays.com\/es\/wp-json\/wp\/v2\/comments?post=99695"}],"version-history":[{"count":0,"href":"https:\/\/www.europesays.com\/es\/wp-json\/wp\/v2\/posts\/99695\/revisions"}],"wp:featuredmedia":[{"embeddable":true,"href":"https:\/\/www.europesays.com\/es\/wp-json\/wp\/v2\/media\/99696"}],"wp:attachment":[{"href":"https:\/\/www.europesays.com\/es\/wp-json\/wp\/v2\/media?parent=99695"}],"wp:term":[{"taxonomy":"category","embeddable":true,"href":"https:\/\/www.europesays.com\/es\/wp-json\/wp\/v2\/categories?post=99695"},{"taxonomy":"post_tag","embeddable":true,"href":"https:\/\/www.europesays.com\/es\/wp-json\/wp\/v2\/tags?post=99695"}],"curies":[{"name":"wp","href":"https:\/\/api.w.org\/{rel}","templated":true}]}}