{"id":99753,"date":"2025-09-07T17:26:08","date_gmt":"2025-09-07T17:26:08","guid":{"rendered":"https:\/\/www.europesays.com\/es\/99753\/"},"modified":"2025-09-07T17:26:08","modified_gmt":"2025-09-07T17:26:08","slug":"un-manifestante-propalestino-provoca-la-aparatosa-caida-de-javi-romo-en-la-vuelta-que-se-salda-con-10-detenidos","status":"publish","type":"post","link":"https:\/\/www.europesays.com\/es\/99753\/","title":{"rendered":"Un manifestante propalestino provoca la aparatosa ca\u00edda de Javi Romo en La Vuelta, que se salda con 10 detenidos"},"content":{"rendered":"<p class=\"L6-news-detail__text\"><b>Nuevo incidente<\/b> en <b><a title=\"La Vuelta a Espa\u00f1a\" href=\"https:\/\/www.lasexta.com\/temas\/vuelta_a_espana-1\" target=\"_blank\" rel=\"nofollow noopener\">La Vuelta a Espa\u00f1a<\/a><\/b>. En una marcada por las protestas por la presencia del equipo <b><a title=\"Israel\" href=\"https:\/\/www.lasexta.com\/temas\/israel-1\" target=\"_blank\" rel=\"nofollow noopener\">Israel<\/a><\/b>-Premier Tech y por las muchas banderas de Palestina que se est\u00e1n viendo en cada etapa. En esta ocasi\u00f3n, un manifestante a favor de los palestinos ha provocado<b> la ca\u00edda del ciclista Javi Romo<\/b>, del equipo Movistar, a falta de 55 kil\u00f3metros para llegar a meta en la etapa 15.<\/p>\n<p class=\"L6-news-detail__text\">El hombre en cuesti\u00f3n sali\u00f3 ataviado con una bandera de Palestina y, de repente, <b>tropez\u00f3<\/b>. En cuanto hizo acto de presencia, uno de los polic\u00edas presentes en la etapa apareci\u00f3 para detenerle y todo termin\u00f3 con el grupo ciclista vi\u00e9ndose afectado. Al final, <b>Javi Romo termin\u00f3 y\u00e9ndose al suelo.<\/b><\/p>\n<p class=\"L6-news-detail__text\">Por fortuna, pudo levantarse de manera inmediata<b> sin haber sufrido aparentes consecuencias f\u00edsicas graves<\/b> tras la ca\u00edda, despu\u00e9s de que se viviera otro momento de m\u00e1xima tensi\u00f3n en plena competici\u00f3n.<\/p>\n<p class=\"L6-news-detail__text\"><b>El individuo fue arrestado<\/b> tras la intervenci\u00f3n policial, en una etapa marcada de nuevo por las protestas contra la participaci\u00f3n del equipo israel\u00ed en La Vuelta a Espa\u00f1a.<\/p>\n<p class=\"L6-news-detail__text\">Varias movilizaciones hab\u00edan sido convocadas en municipios lucenses en la competici\u00f3n deportiva. Sin embargo, los episodios de mayor tensi\u00f3n han tenido lugar antes de la meta.<\/p>\n<p class=\"L6-news-detail__text\">Fuentes de las entidades organizadoras de las manifestaciones denuncian<b> \u00abcargas policiales\u00bb y una \u00abrepresi\u00f3n brutal\u00bb<\/b>, que se origin\u00f3 antes de la llegada de los ciclistas a Monforte. As\u00ed, informan de que la Polic\u00eda lleg\u00f3 a \u00abidentificar a varias personas\u00bb que portaban banderas palestinas.<\/p>\n<p class=\"L6-news-detail__text\">En total,<b> al menos 10 manifestantes propalestinos han sido detenidos<\/b> en el tramo final de la 15\u00aa etapa de La Vuelta en los municipios lucenses de O Corgo y Monforte de Lemos. Las detenciones se han efectuado por desorden p\u00fablico \u00abcon peligro para la integridad de las personas\u00bb, seg\u00fan trasladan fuentes conocedoras de las mismas.<\/p>\n<p>Una etapa, sin ganador; la subida al Angliru, detenida<\/p>\n<p class=\"L6-news-detail__text\">Y es que esta edici\u00f3n de la ronda ciclista est\u00e1 viviendo momentos de gran tensi\u00f3n que tuvieron su c\u00e9nit con <b>la cancelaci\u00f3n del final de la etapa <\/b>del mi\u00e9rcoles por las protestas por la situaci\u00f3n de Palestina. Fue en Bilbao, donde la organizaci\u00f3n dijo que no iban a tomarse los tiempos en l\u00ednea de meta por motivos de \u00abseguridad\u00bb.<\/p>\n<p class=\"L6-news-detail__text\">\u00abPor motivos de seguridad, los tiempos de la clasificaci\u00f3n general se tomar\u00e1n a tres kil\u00f3metros de meta. <b>No habr\u00e1 ganador de etapa\u00bb<\/b>, public\u00f3 la organizaci\u00f3n de La Vuelta sobre una jornada en la que cientos de personas con banderas de Palestina se concentraban al final del trazado.<\/p>\n<p class=\"L6-news-detail__text\">Adem\u00e1s, la etapa n\u00famero 13, la de la subida al Angliru, se detuvo durante unos segundos por unos manifestantes que protestaban contra el genocidio en Gaza. Todo <b><a title=\"se sald\u00f3 con 12 detenidos\" href=\"https:\/\/www.lasexta.com\/noticias\/deportes\/ciclismo\/menos-12-manifestantes-detenidos-paralizar-etapa-vuelta-langliru_2025090568bb1ba8436dd03dd14f24d3.html\" target=\"_blank\" rel=\"nofollow noopener\">se sald\u00f3 con 12 detenidos<\/a><\/b>, que ya fueron puestos en libertad.<\/p>\n<p class=\"L6-news-detail__text\">Mientras, el Israel-Premier Tech, equipo israel\u00ed cuya presencia en La Vuelta ha generado una enorme controversia, ha informado de que continuar\u00e1n la carrera espa\u00f1ola <b><a title=\"sin el nombre Israel en sus maillots\" href=\"https:\/\/www.lasexta.com\/noticias\/deportes\/ciclismo\/premier-tech-borra-palabra-israel-sus-maillots-vuelta-priorizar-seguridad-sus-ciclistas_2025090668bc256c8f77821956b4fc0f.html\" target=\"_blank\" rel=\"nofollow noopener\">sin el nombre Israel en sus maillots<\/a><\/b>. Tras m\u00e1s de 11 d\u00edas de controversia en los que se han sucedido las protestas contra el equipo israel\u00ed, los deportistas dicen \u00abpriorizar la seguridad de sus ciclistas\u00bb.<\/p>\n<p class=\"L6-news-detail__text\">\u00abPara priorizar la seguridad de nuestros ciclistas y de todo el pelot\u00f3n, dada la peligrosidad de algunas protestas en La Vuelta, <b>Israel-Premier Tech ha proporcionado a los ciclistas un uniform<\/b>e con el monograma del equipo para el resto de la carrera\u00bb, ha informado la formaci\u00f3n.<\/p>\n<p class=\"L6-support-news-video__title\">La normativa impide su expulsi\u00f3n<\/p>\n<p>            <a href=\"https:\/\/www.lasexta.com\/noticias\/deportes\/ciclismo\/vuelta-insta-equipo-israeli-abandonar-competicion-solucion-solo_2025090368b8863bee9f0221df358221.html\" class=\"L6-news__link\" rel=\"nofollow noopener\" target=\"_blank\"><br \/>\n                La Vuelta insta al equipo israel\u00ed a abandonar la competici\u00f3n: \u00abLa soluci\u00f3n solo es una\u00bb<\/p>\n<p class=\"recirculation-video-desc\">Los detalles La etapa de La Vuelta a Espa\u00f1a que conclu\u00eda este mi\u00e9rcoles en Bilbao ha sido suspendida a tres kil\u00f3metros de la l\u00ednea de meta por el boicot de decenas de manifestantes propalestinos contra la presencia del Israel Premier-Tech.<\/p>\n<p>            <\/a><\/p>\n","protected":false},"excerpt":{"rendered":"Nuevo incidente en La Vuelta a Espa\u00f1a. En una marcada por las protestas por la presencia del equipo&hellip;\n","protected":false},"author":2,"featured_media":99754,"comment_status":"","ping_status":"","sticky":false,"template":"","format":"standard","meta":{"footnotes":""},"categories":[273],"tags":[313,312,168,25,24,23,167],"class_list":{"0":"post-99753","1":"post","2":"type-post","3":"status-publish","4":"format-standard","5":"has-post-thumbnail","7":"category-ciclismo","8":"tag-ciclismo","9":"tag-cycling","10":"tag-deportes","11":"tag-es","12":"tag-espana","13":"tag-spain","14":"tag-sports"},"share_on_mastodon":{"url":"","error":""},"_links":{"self":[{"href":"https:\/\/www.europesays.com\/es\/wp-json\/wp\/v2\/posts\/99753","targetHints":{"allow":["GET"]}}],"collection":[{"href":"https:\/\/www.europesays.com\/es\/wp-json\/wp\/v2\/posts"}],"about":[{"href":"https:\/\/www.europesays.com\/es\/wp-json\/wp\/v2\/types\/post"}],"author":[{"embeddable":true,"href":"https:\/\/www.europesays.com\/es\/wp-json\/wp\/v2\/users\/2"}],"replies":[{"embeddable":true,"href":"https:\/\/www.europesays.com\/es\/wp-json\/wp\/v2\/comments?post=99753"}],"version-history":[{"count":0,"href":"https:\/\/www.europesays.com\/es\/wp-json\/wp\/v2\/posts\/99753\/revisions"}],"wp:featuredmedia":[{"embeddable":true,"href":"https:\/\/www.europesays.com\/es\/wp-json\/wp\/v2\/media\/99754"}],"wp:attachment":[{"href":"https:\/\/www.europesays.com\/es\/wp-json\/wp\/v2\/media?parent=99753"}],"wp:term":[{"taxonomy":"category","embeddable":true,"href":"https:\/\/www.europesays.com\/es\/wp-json\/wp\/v2\/categories?post=99753"},{"taxonomy":"post_tag","embeddable":true,"href":"https:\/\/www.europesays.com\/es\/wp-json\/wp\/v2\/tags?post=99753"}],"curies":[{"name":"wp","href":"https:\/\/api.w.org\/{rel}","templated":true}]}}