{"id":99778,"date":"2025-09-07T17:40:08","date_gmt":"2025-09-07T17:40:08","guid":{"rendered":"https:\/\/www.europesays.com\/es\/99778\/"},"modified":"2025-09-07T17:40:08","modified_gmt":"2025-09-07T17:40:08","slug":"un-restaurante-de-mallorca-causa-revuelo-al-compartir-una-cuenta-de-63-237-euros-de-quien-es-etiquetadlo","status":"publish","type":"post","link":"https:\/\/www.europesays.com\/es\/99778\/","title":{"rendered":"Un restaurante de Mallorca causa revuelo al compartir una cuenta de 63.237 euros: &#8216;\u00bfDe qui\u00e9n es? Etiquetadlo&#8217;"},"content":{"rendered":"<p>Comer en un restaurante puede dejar sorpresas verdaderamente inesperadas. No es lo m\u00e1s com\u00fan pero es cierto que se ha convertido en una costumbre cada vez m\u00e1s recurrente el compartir en redes sociales fotograf\u00edas de cuentas totales de comidas que m\u00e1s que comidas o almuerzos parecen banquetes.<\/p>\n<p>Un caso de este tipo ha sido compartido por un restaurante mallorqu\u00edn, el Annabel, en la localidad de Palmanova, donde un grupo de clientes se dej\u00f3 un total de 63.237, 90 euros, lo que podr\u00eda suponer un r\u00e9cord inaudito. Fue el propio establecimiento el que comparti\u00f3 una imagen de la cuenta que acompa\u00f1aba con un mensaje: <b>\u00ab\u00bfDe qui\u00e9n es esta cuenta? Etiqueten a la persona en los comentarios, nos gustar\u00eda hablarlo\u00bb.<\/b><\/p>\n<p>Seg\u00fan informaron desde el restaurante, la inalcanzable cifra la alcanzaron entre solo 18 personas, lo que hizo <b>un gasto medio de 3.500 euros<\/b>. Entre los detalles m\u00e1s llamativos se destaca en el ticket que 45.000 euros se corresponden con \u00abdiversos platos de pescado\u00bb, sin especificar de cu\u00e1les se trata.<\/p>\n<p>En la cuenta iba incluida la propina de un 10%, obligatoria en este restaurante, lo que supuso <b>un montante de 5.748, 90 euros,<\/b> aunque en el comprobante se puede leer la palabra \u00abopcional\u00bb, ya que en Espa\u00f1a est\u00e1 prohibido cobrar obligatoriamente propina.<\/p>\n<p>Seg\u00fan se especifica en el medio Diario de Mallorca, se desconoce quienes fueron los comensales, aunque las pruebas apuntan a que tuvieron que ser personas de un alt\u00edsimo estatus econ\u00f3mico, y <b>que podr\u00eda tratarse de personalidades estadounidenses.<\/b><\/p>\n","protected":false},"excerpt":{"rendered":"Comer en un restaurante puede dejar sorpresas verdaderamente inesperadas. No es lo m\u00e1s com\u00fan pero es cierto que&hellip;\n","protected":false},"author":2,"featured_media":99779,"comment_status":"","ping_status":"","sticky":false,"template":"","format":"standard","meta":{"footnotes":""},"categories":[80],"tags":[82,95,94,25,24,2457,23],"class_list":{"0":"post-99778","1":"post","2":"type-post","3":"status-publish","4":"format-standard","5":"has-post-thumbnail","7":"category-economia","8":"tag-business","9":"tag-economia","10":"tag-economy","11":"tag-es","12":"tag-espana","13":"tag-mallorca","14":"tag-spain"},"share_on_mastodon":{"url":"","error":""},"_links":{"self":[{"href":"https:\/\/www.europesays.com\/es\/wp-json\/wp\/v2\/posts\/99778","targetHints":{"allow":["GET"]}}],"collection":[{"href":"https:\/\/www.europesays.com\/es\/wp-json\/wp\/v2\/posts"}],"about":[{"href":"https:\/\/www.europesays.com\/es\/wp-json\/wp\/v2\/types\/post"}],"author":[{"embeddable":true,"href":"https:\/\/www.europesays.com\/es\/wp-json\/wp\/v2\/users\/2"}],"replies":[{"embeddable":true,"href":"https:\/\/www.europesays.com\/es\/wp-json\/wp\/v2\/comments?post=99778"}],"version-history":[{"count":0,"href":"https:\/\/www.europesays.com\/es\/wp-json\/wp\/v2\/posts\/99778\/revisions"}],"wp:featuredmedia":[{"embeddable":true,"href":"https:\/\/www.europesays.com\/es\/wp-json\/wp\/v2\/media\/99779"}],"wp:attachment":[{"href":"https:\/\/www.europesays.com\/es\/wp-json\/wp\/v2\/media?parent=99778"}],"wp:term":[{"taxonomy":"category","embeddable":true,"href":"https:\/\/www.europesays.com\/es\/wp-json\/wp\/v2\/categories?post=99778"},{"taxonomy":"post_tag","embeddable":true,"href":"https:\/\/www.europesays.com\/es\/wp-json\/wp\/v2\/tags?post=99778"}],"curies":[{"name":"wp","href":"https:\/\/api.w.org\/{rel}","templated":true}]}}