{"id":99794,"date":"2025-09-07T17:53:07","date_gmt":"2025-09-07T17:53:07","guid":{"rendered":"https:\/\/www.europesays.com\/es\/99794\/"},"modified":"2025-09-07T17:53:07","modified_gmt":"2025-09-07T17:53:07","slug":"el-cara-a-cara-entre-carlos-iii-y-enrique-en-el-aire-por-el-egoismo-de-los-sussex","status":"publish","type":"post","link":"https:\/\/www.europesays.com\/es\/99794\/","title":{"rendered":"El cara a cara entre Carlos III y Enrique, en el aire por el ego\u00edsmo de los Sussex"},"content":{"rendered":"<p>El <b>pr\u00edncipe Harry<\/b>, prepara una agenda intensa durante su pr\u00f3xima visita al Reino Unido, en la que combinar\u00e1 compromisos solidarios con la posibilidad \u2014a\u00fan incierta\u2014 de un encuentro con su padre, el<b> rey Carlos III<\/b>. La visita adquiere un matiz especial por coincidir con la conmemoraci\u00f3n del tercer aniversario de la muerte de la reina Isabel II, su abuela.<\/p>\n<p>El lunes 8 de septiembre,<b> Harry asistir\u00e1 a los Premios WellChild en Londres<\/b>, una cita que ha apoyado de manera constante desde 2007. Esta organizaci\u00f3n, dedicada a brindar apoyo a ni\u00f1os gravemente enfermos y a sus familias, se ha mantenido entre las causas que el pr\u00edncipe conserva desde que renunci\u00f3 a sus funciones como miembro activo de la familia real en 2020, junto a su esposa Meghan Markle.<b> En la ceremonia, Harry ofrecer\u00e1 un discurso y entregar\u00e1 el galard\u00f3n al \u00abNi\u00f1o m\u00e1s inspirador\u00bb <\/b>en la categor\u00eda de 4 a 6 a\u00f1os, reforzando su v\u00ednculo personal con una iniciativa que ha descrito en m\u00faltiples ocasiones como una fuente de inspiraci\u00f3n.<\/p>\n<p>El martes 9 de septiembre, el duque se trasladar\u00e1 a Nottingham para participar en un evento organizado por la organizaci\u00f3n ben\u00e9fica Children in Need, donde anunciar\u00e1 una importante donaci\u00f3n destinada a programas juveniles. El acto tendr\u00e1 lugar en el Community Recording Studio (CRS), espacio que impulsa el talento art\u00edstico local y fomenta la inclusi\u00f3n social. All\u00ed se reunir\u00e1n diversas entidades, entre ellas CRS, Epic Partners y Coach Core, que trabajan en la prevenci\u00f3n de la violencia juvenil y en la creaci\u00f3n de oportunidades mediante el deporte, la m\u00fasica y las artes creativas.<\/p>\n<p>La jornada incluir\u00e1 una reuni\u00f3n privada con representantes de Children in Need, la comisar\u00eda de polic\u00eda y l\u00edderes comunitarios, as\u00ed como conversaciones informales con j\u00f3venes que Harry ya ha conocido en visitas previas. Adem\u00e1s, el duque disfrutar\u00e1 de actuaciones en directo de artistas locales y recorrer\u00e1 las instalaciones antes de dirigir unas palabras al p\u00fablico asistente.<\/p>\n<p><b>El regreso de Harry a territorio brit\u00e1nico tambi\u00e9n revive las especulaciones sobre un posible reencuentro con el monarca<\/b>. La \u00faltima vez que se vieron fue en febrero de 2024, cuando Harry viaj\u00f3 brevemente a Londres tras conocerse el diagn\u00f3stico de c\u00e1ncer de su padre. Sin embargo, sus posteriores estancias, incluidas las celebraciones por el d\u00e9cimo aniversario de los J<b>uegos Invictus<\/b> en junio y los <b>premios WellChild<\/b> de 2023, no incluyeron encuentros privados entre ambos.<\/p>\n<p>La relaci\u00f3n entre el duque y el soberano ha estado marcada por la distancia desde que Harry y Meghan se establecieron en Estados Unidos, aunque fuentes cercanas sugieren que podr\u00eda estar gest\u00e1ndose un acercamiento. En este contexto, la presencia de Harry en actos p\u00fablicos vuelve a colocar el foco no solo en sus causas solidarias, sino tambi\u00e9n en las din\u00e1micas familiares de la Casa Real brit\u00e1nica.<\/p>\n<p>En un comunicado difundido por la organizaci\u00f3n WellChild el 28 de agosto, el pr\u00edncipe expres\u00f3:<b> \u00abSiempre es un privilegio asistir a los Premios WellChild y conocer a los incre\u00edbles ni\u00f1os, familias y profesionales que nos inspiran con su fortaleza y esp\u00edritu\u00bb.<\/b> Palabras que reflejan la constante prioridad que el duque otorga a estas iniciativas, incluso en medio de la incertidumbre que rodea su v\u00ednculo con la familia real.<\/p>\n<p>WhatsApp<a href=\"https:\/\/api.whatsapp.com\/send?text=https:\/\/www.eleconomista.es\/informalia\/casas-reales\/noticias\/13534247\/09\/25\/el-cara-a-cara-entre-carlos-iii-y-enrique-en-el-aire-por-el-egoismo-de-los-sussex.html?utm_source%3Dwhatsapp%26utm_medium%3Dshare_button&amp;id=1648118629957_whatsapp\" target=\"_blank\" data-action=\"share\/whatsapp\/share\" aria-label=\"Compartir en Whatsapp\" rel=\"nofollow noopener\"><\/a>Facebook<a id=\"fb-share\" href=\"#\" target=\"_blank\" rel=\"noopener noreferrer\" aria-label=\"Compartir en Facebook\"><\/a>Twitter<a href=\"https:\/\/twitter.com\/share?text=El+cara+a+cara+entre+Carlos+III+y+Enrique%2C+en+el+aire+por+el+ego%C3%ADsmo+de+los+Sussex&amp;url=https:\/\/www.eleconomista.es\/informalia\/casas-reales\/noticias\/13534247\/09\/25\/el-cara-a-cara-entre-carlos-iii-y-enrique-en-el-aire-por-el-egoismo-de-los-sussex.html&amp;via=Informalia&amp;id=1648118839245_twitter\" target=\"_blank\" aria-label=\"Compartir en Twitter\" rel=\"nofollow noopener\"><\/a>Linkedin<a onclick=\"return abrirLinkedin();\" href=\"https:\/\/www.linkedin.com\/shareArticle?text=El+cara+a+cara+entre+Carlos+III+y+Enrique%2C+en+el+aire+por+el+ego%C3%ADsmo+de+los+Sussex&amp;url=https:\/\/www.eleconomista.es\/informalia\/casas-reales\/noticias\/13534247\/09\/25\/el-cara-a-cara-entre-carlos-iii-y-enrique-en-el-aire-por-el-egoismo-de-los-sussex.html&amp;mini=true\" target=\"_blank\" aria-label=\"Compartir en linkedin\" rel=\"nofollow noopener\"><\/a>Beloud<a href=\"https:\/\/beloud.com\/share?text=El+cara+a+cara+entre+Carlos+III+y+Enrique%2C+en+el+aire+por+el+ego%C3%ADsmo+de+los+Sussex&amp;url=https:\/\/www.eleconomista.es\/informalia\/casas-reales\/noticias\/13534247\/09\/25\/el-cara-a-cara-entre-carlos-iii-y-enrique-en-el-aire-por-el-egoismo-de-los-sussex.html&amp;via=Informalia&amp;id=1648118839245_beloud\" target=\"_blank\" aria-label=\"Compartir en beloud\" rel=\"nofollow noopener\"><\/a>Bluesky<a href=\"https:\/\/bsky.app\/intent\/compose?text=https:\/\/bsky.app\/intent\/compose?text=https:\/\/www.eleconomista.es\/informalia\/casas-reales\/noticias\/13534247\/09\/25\/el-cara-a-cara-entre-carlos-iii-y-enrique-en-el-aire-por-el-egoismo-de-los-sussex.html&amp;url=https:\/\/www.eleconomista.es\/informalia\/casas-reales\/noticias\/13534247\/09\/25\/el-cara-a-cara-entre-carlos-iii-y-enrique-en-el-aire-por-el-egoismo-de-los-sussex.html&amp;via=elEconomistaes&amp;id=1648118839245_bluesky\" target=\"_blank\" aria-label=\"Compartir en bluesky\" rel=\"nofollow noopener\"><\/a><\/p>\n<p><script async src=\"https:\/\/platform.twitter.com\/widgets.js\" charset=\"utf-8\"><\/script><\/p>\n","protected":false},"excerpt":{"rendered":"El pr\u00edncipe Harry, prepara una agenda intensa durante su pr\u00f3xima visita al Reino Unido, en la que combinar\u00e1&hellip;\n","protected":false},"author":2,"featured_media":99795,"comment_status":"","ping_status":"","sticky":false,"template":"","format":"standard","meta":{"footnotes":""},"categories":[174],"tags":[14486,255,146,147,25,24,256,23],"class_list":{"0":"post-99794","1":"post","2":"type-post","3":"status-publish","4":"format-standard","5":"has-post-thumbnail","7":"category-famosos","8":"tag-casas-reales","9":"tag-celebrities","10":"tag-entertainment","11":"tag-entretenimiento","12":"tag-es","13":"tag-espana","14":"tag-famosos","15":"tag-spain"},"share_on_mastodon":{"url":"","error":""},"_links":{"self":[{"href":"https:\/\/www.europesays.com\/es\/wp-json\/wp\/v2\/posts\/99794","targetHints":{"allow":["GET"]}}],"collection":[{"href":"https:\/\/www.europesays.com\/es\/wp-json\/wp\/v2\/posts"}],"about":[{"href":"https:\/\/www.europesays.com\/es\/wp-json\/wp\/v2\/types\/post"}],"author":[{"embeddable":true,"href":"https:\/\/www.europesays.com\/es\/wp-json\/wp\/v2\/users\/2"}],"replies":[{"embeddable":true,"href":"https:\/\/www.europesays.com\/es\/wp-json\/wp\/v2\/comments?post=99794"}],"version-history":[{"count":0,"href":"https:\/\/www.europesays.com\/es\/wp-json\/wp\/v2\/posts\/99794\/revisions"}],"wp:featuredmedia":[{"embeddable":true,"href":"https:\/\/www.europesays.com\/es\/wp-json\/wp\/v2\/media\/99795"}],"wp:attachment":[{"href":"https:\/\/www.europesays.com\/es\/wp-json\/wp\/v2\/media?parent=99794"}],"wp:term":[{"taxonomy":"category","embeddable":true,"href":"https:\/\/www.europesays.com\/es\/wp-json\/wp\/v2\/categories?post=99794"},{"taxonomy":"post_tag","embeddable":true,"href":"https:\/\/www.europesays.com\/es\/wp-json\/wp\/v2\/tags?post=99794"}],"curies":[{"name":"wp","href":"https:\/\/api.w.org\/{rel}","templated":true}]}}