{"id":99816,"date":"2025-09-07T18:05:08","date_gmt":"2025-09-07T18:05:08","guid":{"rendered":"https:\/\/www.europesays.com\/es\/99816\/"},"modified":"2025-09-07T18:05:08","modified_gmt":"2025-09-07T18:05:08","slug":"accidente-valencia-un-muerto-y-qunice-heridos-en-tres-accidentes-en-valencia","status":"publish","type":"post","link":"https:\/\/www.europesays.com\/es\/99816\/","title":{"rendered":"ACCIDENTE VALENCIA | Un muerto y qunice heridos en tres accidentes en Valencia"},"content":{"rendered":"<p class=\"ft-text\"><strong>Una persona ha fallecido &#8216;in situ&#8217; y otras cinco han resultado heridas este domingo<\/strong> tras sufrir una salida de v\u00eda en el kil\u00f3metro dos de la CV-21, <strong>en l&#8217;Alcora<\/strong> (<a class=\"ft-link ft-link--decoration\" href=\"https:\/\/www.levante-emv.com\/tags\/castellon\/\" target=\"_blank\" rel=\"nofollow noopener\">Castell\u00f3n<\/a>), seg\u00fan ha informado el Centro de Informaci\u00f3n y Coordinaci\u00f3n de Urgencias (<a class=\"ft-link ft-link--decoration\" href=\"https:\/\/www.levante-emv.com\/tags\/cicu\/\" target=\"_blank\" rel=\"nofollow noopener\">CICU<\/a>).<\/p>\n<p class=\"ft-text\">El aviso se ha recibido sobre las 8.15 horas y hasta el lugar se han movilizado un SAMU, un helic\u00f3ptero medicalizado, dos SVB y un Soporte Vital Avanzado de Enfermer\u00eda.<\/p>\n<p class=\"ft-text\">Los heridos, con edades comprendidas<strong> entre los 20 y 22 a\u00f1os<\/strong>, han sido trasladados al <strong>Hospital General de Castell\u00f3n<\/strong> y al <strong>Hospital de la Plana<\/strong>. En concreto, dos chicos, uno por contusiones m\u00faltiples y otro por fractura de tibia, han sido llevados a la Plana. Al General de Castell\u00f3n han sido movilizados dos chicos &#8211;uno con herida abierta en pierna y contusiones en el abdomen, y el otro con traumatismo cerebral y agitaci\u00f3n&#8211; y una chica con contusiones en pared abdominal.<\/p>\n<p class=\"ft-text\">Posteriormente, <strong>fuentes sanitarias han informado de que una mujer y dos hombres se encuentran ingresados en <\/strong><a class=\"ft-link ft-link--decoration\" href=\"https:\/\/www.levante-emv.com\/tags\/uci\/\" target=\"_blank\" rel=\"nofollow noopener\"><strong>UCI<\/strong><\/a><strong> <\/strong>y los otros dos heridos en observaci\u00f3n y planta de hospitalizaci\u00f3n. El pron\u00f3stico es reservado.<\/p>\n<p>Diez heridos en dos accidentes en Sagunt y Alginet<\/p>\n<p class=\"ft-text\">Diez personas han resultado heridas en <strong>dos accidentes de tr\u00e1fico registrados esta ma\u00f1ana en los municipios de Sagunto y Alginet, <\/strong>seg\u00fan ha indicado el Centro de Informaci\u00f3n y Coordinaci\u00f3n de Urgencias (<a class=\"ft-link ft-link--decoration\" href=\"https:\/\/www.levante-emv.com\/tags\/cicu\/\" target=\"_blank\" rel=\"nofollow noopener\">CICU<\/a>).<\/p>\n<p class=\"ft-text\">El primero de los accidentes, con<strong> cinco heridos, tres hombres y dos mujeres de entre 18 y 20 a\u00f1os de edad<\/strong>, se ha producido a las 08:02 horas en la A-23, a su paso por el t\u00e9rmino municipal de Sagunt, tras la salida de un coche de la calzada.<\/p>\n<p class=\"ft-text\">El CICU ha enviado al lugar <strong>dos ambulancias SVB <\/strong>(<a class=\"ft-link ft-link--decoration\" href=\"https:\/\/www.levante-emv.com\/tags\/soporte-vital-basico\/\" target=\"_blank\" rel=\"nofollow noopener\">Soporte Vital B\u00e1sico<\/a>) y los servicios sanitarios han atendido a los heridos por policontusiones en espalda, rodilla y esguince de cuello y han sido<strong> trasladados al <\/strong><a class=\"ft-link ft-link--decoration\" href=\"https:\/\/www.levante-emv.com\/tags\/hospital-de-sagunto\/\" target=\"_blank\" rel=\"nofollow noopener\"><strong>Hospital de Sagunt<\/strong><\/a><strong>.<\/strong><\/p>\n<p class=\"ft-text\">Un segundo accidente, en el que han resultado heridas otras cinco personas, ha sido registrado esta ma\u00f1ana a las 08:49 horas, en el kil\u00f3metro 366 de la A-7 en direcci\u00f3n a Albacete, a su paso por el t\u00e9rmino municipal de <strong>Alginet<\/strong>.<\/p>\n<p class=\"ft-text\">El CICU ha movilizado al lugar una ambulancia Samu y dos SVB y <strong>los servicios sanitarios han atendido a dos mujeres y tres hombres.<\/strong><\/p>\n<p class=\"ft-text\">El <a class=\"ft-link ft-link--decoration\" href=\"https:\/\/www.levante-emv.com\/tags\/samu\/\" target=\"_blank\" rel=\"nofollow noopener\">Samu <\/a>ha trasladado al <a class=\"ft-link ft-link--decoration\" href=\"https:\/\/www.levante-emv.com\/tags\/hospital-de-la-ribera\/\" target=\"_blank\" rel=\"nofollow noopener\">Hospital de la Ribera<\/a> a un hombre de 33 a\u00f1os con<strong> contusi\u00f3n en pared tor\u00e1cica <\/strong>mientras que las otras cuatro personas han sido atendidas por el Samu por fractura de cadera y diversas contusiones y trasladadas por los SVB al Hospital de la Ribera.<\/p>\n","protected":false},"excerpt":{"rendered":"Una persona ha fallecido &#8216;in situ&#8217; y otras cinco han resultado heridas este domingo tras sufrir una salida&hellip;\n","protected":false},"author":2,"featured_media":99817,"comment_status":"","ping_status":"","sticky":false,"template":"","format":"standard","meta":{"footnotes":""},"categories":[8],"tags":[5960,35471,17,18,1630,25,24,13,14,11,11225,19,20,9,10,15,16,10380,23,12,589,21,22],"class_list":{"0":"post-99816","1":"post","2":"type-post","3":"status-publish","4":"format-standard","5":"has-post-thumbnail","7":"category-espana","8":"tag-accidentes","9":"tag-alginet","10":"tag-breaking-news","11":"tag-breakingnews","12":"tag-diez","13":"tag-es","14":"tag-espana","15":"tag-featured-news","16":"tag-featurednews","17":"tag-headlines","18":"tag-heridos","19":"tag-latest-news","20":"tag-latestnews","21":"tag-news","22":"tag-noticias","23":"tag-noticias-destacadas","24":"tag-noticiasdestacadas","25":"tag-sagunt","26":"tag-spain","27":"tag-titulares","28":"tag-trafico","29":"tag-ultimas-noticias","30":"tag-ultimasnoticias"},"share_on_mastodon":{"url":"","error":""},"_links":{"self":[{"href":"https:\/\/www.europesays.com\/es\/wp-json\/wp\/v2\/posts\/99816","targetHints":{"allow":["GET"]}}],"collection":[{"href":"https:\/\/www.europesays.com\/es\/wp-json\/wp\/v2\/posts"}],"about":[{"href":"https:\/\/www.europesays.com\/es\/wp-json\/wp\/v2\/types\/post"}],"author":[{"embeddable":true,"href":"https:\/\/www.europesays.com\/es\/wp-json\/wp\/v2\/users\/2"}],"replies":[{"embeddable":true,"href":"https:\/\/www.europesays.com\/es\/wp-json\/wp\/v2\/comments?post=99816"}],"version-history":[{"count":0,"href":"https:\/\/www.europesays.com\/es\/wp-json\/wp\/v2\/posts\/99816\/revisions"}],"wp:featuredmedia":[{"embeddable":true,"href":"https:\/\/www.europesays.com\/es\/wp-json\/wp\/v2\/media\/99817"}],"wp:attachment":[{"href":"https:\/\/www.europesays.com\/es\/wp-json\/wp\/v2\/media?parent=99816"}],"wp:term":[{"taxonomy":"category","embeddable":true,"href":"https:\/\/www.europesays.com\/es\/wp-json\/wp\/v2\/categories?post=99816"},{"taxonomy":"post_tag","embeddable":true,"href":"https:\/\/www.europesays.com\/es\/wp-json\/wp\/v2\/tags?post=99816"}],"curies":[{"name":"wp","href":"https:\/\/api.w.org\/{rel}","templated":true}]}}