{"id":99818,"date":"2025-09-07T18:06:09","date_gmt":"2025-09-07T18:06:09","guid":{"rendered":"https:\/\/www.europesays.com\/es\/99818\/"},"modified":"2025-09-07T18:06:09","modified_gmt":"2025-09-07T18:06:09","slug":"detenido-un-conductor-por-atropellar-a-tres-mujeres-en-ibiza-una-de-las-cuales-ha-muerto","status":"publish","type":"post","link":"https:\/\/www.europesays.com\/es\/99818\/","title":{"rendered":"Detenido un conductor por atropellar a tres mujeres en Ibiza, una de las cuales ha muerto"},"content":{"rendered":"<p class=\"article-text\">\n        La Polic\u00eda Local de Sant Josep (Eivissa) ha detenido al presunto autor del atropello de tres mujeres, esta ma\u00f1ana, en la zona de Es Puet\u00f3, ubicada entre esta localidad y la de Sant Antoni de Portmany. Una de las v\u00edctimas ha acabado fallecido como consecuencia de las graves lesiones sufridas. El hombre, de nacionalidad irlandesa, conduc\u00eda un todoterreno bajo los efectos de las drogas.\n    <\/p>\n<p>    <a href=\"https:\/\/www.eldiario.es\/illes-balears\/sociedad\/juez-deja-libertad-joven-atropello-cantante-jaume-anglada_1_12562630.html\" data-mrf-recirculation=\"saber-mas\" data-dl-event=\"saber-mas\" rel=\"nofollow noopener\" target=\"_blank\"><\/p>\n<p class=\"know-more__title\">El juez deja en libertad al joven que atropell\u00f3 al cantante Jaume Anglada<\/p>\n<p>            <img decoding=\"async\" class=\"lazy\" loading=\"lazy\" data-src=\"https:\/\/static.eldiario.es\/clip\/fe5113ea-bc19-434e-8082-5aecad73e357_16-9-aspect-ratio_default_0.jpg\" src=\"data:image\/svg+xml,%3Csvg xmlns=\" http:=\"\" viewbox=\"0 0 880 495\" alt=\"El juez deja en libertad al joven que atropell\u00f3 al cantante Jaume Anglada\"\/><\/p>\n<p>                        <\/a><\/p>\n<p class=\"article-text\">\n        Seg\u00fan las pesquisas llevadas a cabo hasta el momento, el sospechoso hab\u00eda consumido \u00f3xido nitroso instantes antes del siniestro. Se le imputan delitos de conducci\u00f3n bajo los efectos de las drogas, homicidio por imprudencia grave y lesiones graves.\n    <\/p>\n<p class=\"article-text\">\n        El siniestro ha tenido lugar sobre las 11.30 horas de este domingo a la altura del n\u00famero 13 de la calle Mol\u00ed, seg\u00fan ha informado el SAMU 061.\n    <\/p>\n<p class=\"article-text\">\n        Los sanitarios han atendido a las tres v\u00edctimas y han trasladado a dos de ellas a la Cl\u00ednica Vila y a la otra al Hospital de Can Misses. Una de ellas ha ingresado en estado cr\u00edtico, otra en estado grave y la tercera en estado leve. Finalmente, tal como ha confirmado el Ayuntamiento de Sant Josep, una de las mujeres ha fallecido.\n    <\/p>\n<p class=\"article-text\">\n        En las pr\u00f3ximas horas se extraer\u00e1n los datos de la centralita del veh\u00edculo para obtener informaci\u00f3n sobre el momento de los hechos. La Polic\u00eda Local est\u00e1 trabajando de la mano de la Guardia Civil en la investigaci\u00f3n.\n    <\/p>\n<p class=\"article-text\">\n        La colaboraci\u00f3n ciudadana y la gran afluencia de personas que hab\u00eda en la zona en el momento del siniestro ha facilitado la localizaci\u00f3n de testimonios e im\u00e1genes.\n    <\/p>\n<p>    <a href=\"https:\/\/www.eldiario.es\/illes-balears\/sociedad\/muertos-cuatro-heridos-graves-colisionar-coches-mallorca_1_12584251.html\" data-mrf-recirculation=\"saber-mas-abajo\" data-dl-event=\"saber-mas-abajo\" rel=\"nofollow noopener\" target=\"_blank\"><\/p>\n<p class=\"know-more__title\">Dos muertos y cuatro heridos, dos de ellos graves, tras colisionar dos coches en Mallorca\n<\/p>\n<p>            <img decoding=\"async\" class=\"lazy\" loading=\"lazy\" data-src=\"https:\/\/static.eldiario.es\/clip\/666de2a1-2e54-433e-8434-18fdfcef730f_16-9-aspect-ratio_default_0.jpg\" src=\"data:image\/svg+xml,%3Csvg xmlns=\" http:=\"\" viewbox=\"0 0 880 495\" alt=\"Dos muertos y cuatro heridos, dos de ellos graves, tras colisionar dos coches en Mallorca\"\/><\/p>\n<p>                        <\/a><\/p>\n<p class=\"article-text\">\n        El alcalde de Sant Josep, Vicent Roig, ha explicado que el suceso se inici\u00f3 en su municipio y acab\u00f3 en la calle Mol\u00ed, ya en Sant Antoni. Eso ha provocado que las polic\u00edas de ambos municipios hayan colaborado en el suceso, que finalmente ha quedado en manos de la de Sant Josep. El Ayuntamiento de este municipio ha trasladado su agradecimiento a la Polic\u00eda Local de Sant Antoni por su colaboraci\u00f3n y profesionalidad.\n    <\/p>\n","protected":false},"excerpt":{"rendered":"La Polic\u00eda Local de Sant Josep (Eivissa) ha detenido al presunto autor del atropello de tres mujeres, esta&hellip;\n","protected":false},"author":2,"featured_media":99819,"comment_status":"","ping_status":"","sticky":false,"template":"","format":"standard","meta":{"footnotes":""},"categories":[5],"tags":[18235,17,18,30816,8838,25,24,13,14,11,6079,19,20,5555,4044,9,10,15,16,23,12,603,21,22],"class_list":{"0":"post-99818","1":"post","2":"type-post","3":"status-publish","4":"format-standard","5":"has-post-thumbnail","7":"category-titulares","8":"tag-atropellar","9":"tag-breaking-news","10":"tag-breakingnews","11":"tag-conductor","12":"tag-detenido","13":"tag-es","14":"tag-espana","15":"tag-featured-news","16":"tag-featurednews","17":"tag-headlines","18":"tag-ibiza","19":"tag-latest-news","20":"tag-latestnews","21":"tag-muerto","22":"tag-mujeres","23":"tag-news","24":"tag-noticias","25":"tag-noticias-destacadas","26":"tag-noticiasdestacadas","27":"tag-spain","28":"tag-titulares","29":"tag-tres","30":"tag-ultimas-noticias","31":"tag-ultimasnoticias"},"share_on_mastodon":{"url":"","error":""},"_links":{"self":[{"href":"https:\/\/www.europesays.com\/es\/wp-json\/wp\/v2\/posts\/99818","targetHints":{"allow":["GET"]}}],"collection":[{"href":"https:\/\/www.europesays.com\/es\/wp-json\/wp\/v2\/posts"}],"about":[{"href":"https:\/\/www.europesays.com\/es\/wp-json\/wp\/v2\/types\/post"}],"author":[{"embeddable":true,"href":"https:\/\/www.europesays.com\/es\/wp-json\/wp\/v2\/users\/2"}],"replies":[{"embeddable":true,"href":"https:\/\/www.europesays.com\/es\/wp-json\/wp\/v2\/comments?post=99818"}],"version-history":[{"count":0,"href":"https:\/\/www.europesays.com\/es\/wp-json\/wp\/v2\/posts\/99818\/revisions"}],"wp:featuredmedia":[{"embeddable":true,"href":"https:\/\/www.europesays.com\/es\/wp-json\/wp\/v2\/media\/99819"}],"wp:attachment":[{"href":"https:\/\/www.europesays.com\/es\/wp-json\/wp\/v2\/media?parent=99818"}],"wp:term":[{"taxonomy":"category","embeddable":true,"href":"https:\/\/www.europesays.com\/es\/wp-json\/wp\/v2\/categories?post=99818"},{"taxonomy":"post_tag","embeddable":true,"href":"https:\/\/www.europesays.com\/es\/wp-json\/wp\/v2\/tags?post=99818"}],"curies":[{"name":"wp","href":"https:\/\/api.w.org\/{rel}","templated":true}]}}