{"id":99836,"date":"2025-09-07T18:17:18","date_gmt":"2025-09-07T18:17:18","guid":{"rendered":"https:\/\/www.europesays.com\/es\/99836\/"},"modified":"2025-09-07T18:17:18","modified_gmt":"2025-09-07T18:17:18","slug":"totana-acogera-la-exposicion-fotografica-itinerante-mancomunidad-de-los-canales-del-taibilla-100-anos-abasteciendo-de-agua-y-de-progreso","status":"publish","type":"post","link":"https:\/\/www.europesays.com\/es\/99836\/","title":{"rendered":"Totana acoger\u00e1 la exposici\u00f3n fotogr\u00e1fica itinerante \u00abMancomunidad de los Canales del Taibilla: 100 a\u00f1os abasteciendo de agua y de progreso\u00bb"},"content":{"rendered":"<p><img decoding=\"async\" title=\"Totana acoger\u00e1 la exposici\u00f3n fotogr\u00e1fica itinerante \" mancomunidad=\"\" de=\"\" los=\"\" canales=\"\" del=\"\" taibilla:=\"\" a=\"\" abasteciendo=\"\" agua=\"\" y=\"\" progreso=\"\" src=\"https:\/\/www.europesays.com\/es\/wp-content\/uploads\/2025\/09\/p_1118525978w2.jpg\" alt=\"Totana acoger\u00e1 la exposici\u00f3n fotogr\u00e1fica itinerante Mancomunidad de los Canales del Taibilla: 100 a\u00f1os abasteciendo de agua y de progreso\" class=\"mini\" itemprop=\"image\"\/><\/p>\n<p style=\"text-align: justify;\">La plaza de la Balsa Vieja de Totana acoger\u00e1, del 24 de septiembre al 13 de octubre, la exposici\u00f3n fotogr\u00e1fica itinerante \u00abMancomunidad de los Canales del Taibilla: 100 a\u00f1os abasteciendo de agua y de progreso\u00bb, organizada por esta entidad del Ministerio para la Transici\u00f3n Ecol\u00f3gica y el Reto Demogr\u00e1fico, de para dar a conocer su historia ante la proximidad de su centenario.<\/p>\n<p style=\"text-align: justify;\">La muestra se compone de 12 paneles de 120 por 120 cent\u00edmetros que resumen \u201clos momentos m\u00e1s importantes de la historia del organismo\u201d, desde su nacimiento el 4 de octubre de 1927 hasta la actualidad, as\u00ed como dos ilustraciones vinculadas a este servicio en el municipio de Totana.<\/p>\n<p style=\"text-align: justify;\">El alcalde de Totana, Juan Pag\u00e1n, y el presidente de la Mancomunidad de los Canales del Taibilla, Juan Cascales, inaugurar\u00e1n esta exposici\u00f3n fotogr\u00e1fica itinerante, que dar\u00e1 a conocer su historia ante la proximidad de su centenario.<\/p>\n<p style=\"text-align: justify;\">La exposici\u00f3n profundiza en acontecimientos tan trascendentes como la construcci\u00f3n de las infraestructuras m\u00e1s representativas de su sistema hidr\u00e1ulico y la llegada de las aguas a los municipios que conforman este organismo aut\u00f3nomo.<\/p>\n<p style=\"text-align: justify;\">En esta muestra los \u00faltimos dos paneles est\u00e1n dedicados a la relaci\u00f3n entre Totana y la Mancomunidad de Canales del Taibilla, as\u00ed como varias fotograf\u00edas de la construcci\u00f3n y el estado actual de las infraestructuras que facilitan el abastecimiento a la poblaci\u00f3n.<\/p>\n","protected":false},"excerpt":{"rendered":"La plaza de la Balsa Vieja de Totana acoger\u00e1, del 24 de septiembre al 13 de octubre, la&hellip;\n","protected":false},"author":2,"featured_media":99837,"comment_status":"","ping_status":"","sticky":false,"template":"","format":"standard","meta":{"footnotes":""},"categories":[173],"tags":[229,233,231,230,232,234,146,147,25,24,23],"class_list":{"0":"post-99836","1":"post","2":"type-post","3":"status-publish","4":"format-standard","5":"has-post-thumbnail","7":"category-arte-y-diseno","8":"tag-arte","9":"tag-arte-y-diseno","10":"tag-arts","11":"tag-arts-and-design","12":"tag-design","13":"tag-diseno","14":"tag-entertainment","15":"tag-entretenimiento","16":"tag-es","17":"tag-espana","18":"tag-spain"},"share_on_mastodon":{"url":"","error":""},"_links":{"self":[{"href":"https:\/\/www.europesays.com\/es\/wp-json\/wp\/v2\/posts\/99836","targetHints":{"allow":["GET"]}}],"collection":[{"href":"https:\/\/www.europesays.com\/es\/wp-json\/wp\/v2\/posts"}],"about":[{"href":"https:\/\/www.europesays.com\/es\/wp-json\/wp\/v2\/types\/post"}],"author":[{"embeddable":true,"href":"https:\/\/www.europesays.com\/es\/wp-json\/wp\/v2\/users\/2"}],"replies":[{"embeddable":true,"href":"https:\/\/www.europesays.com\/es\/wp-json\/wp\/v2\/comments?post=99836"}],"version-history":[{"count":0,"href":"https:\/\/www.europesays.com\/es\/wp-json\/wp\/v2\/posts\/99836\/revisions"}],"wp:featuredmedia":[{"embeddable":true,"href":"https:\/\/www.europesays.com\/es\/wp-json\/wp\/v2\/media\/99837"}],"wp:attachment":[{"href":"https:\/\/www.europesays.com\/es\/wp-json\/wp\/v2\/media?parent=99836"}],"wp:term":[{"taxonomy":"category","embeddable":true,"href":"https:\/\/www.europesays.com\/es\/wp-json\/wp\/v2\/categories?post=99836"},{"taxonomy":"post_tag","embeddable":true,"href":"https:\/\/www.europesays.com\/es\/wp-json\/wp\/v2\/tags?post=99836"}],"curies":[{"name":"wp","href":"https:\/\/api.w.org\/{rel}","templated":true}]}}