{"id":99855,"date":"2025-09-07T18:28:12","date_gmt":"2025-09-07T18:28:12","guid":{"rendered":"https:\/\/www.europesays.com\/es\/99855\/"},"modified":"2025-09-07T18:28:12","modified_gmt":"2025-09-07T18:28:12","slug":"un-muerto-y-cinco-heridos-en-un-accidente-de-trafico-en-castellon","status":"publish","type":"post","link":"https:\/\/www.europesays.com\/es\/99855\/","title":{"rendered":"Un muerto y cinco heridos en un accidente de tr\u00e1fico en Castell\u00f3n"},"content":{"rendered":"<p>El aviso se ha recibido sobre las 8.15 horas y hasta el lugar se han movilizado un SAMU, un helic\u00f3ptero medicalizado, dos SVB y un Soporte Vital Avanzado de Enfermer\u00eda<\/p>\n<p><img fetchpriority=\"high\" class=\"voc-img\" src=\"https:\/\/www.europesays.com\/es\/wp-content\/uploads\/2025\/09\/53682-RzQn3TRNTLriy1WsGDOzICI-1200x840@diario_abc.jpg\" loading=\"eager\" decoding=\"async\" alt=\"Imagen de la carretera donde ha muerto una persona este domingo en Castell\u00f3n\" width=\"1200\" height=\"840\"\/><\/p>\n<p>Imagen de la carretera donde ha muerto una persona este domingo en Castell\u00f3n    BOMBEROS CASTELL\u00d3N  <\/p>\n<p class=\"voc-p\" style=\"\">Una persona ha muerto &#8216;in situ&#8217; y otras cinco han resultado heridas este domingo tras sufrir una salida de v\u00eda en el kil\u00f3metro dos de la CV-21, en <strong>l&#8217;Alcora<\/strong> (<a href=\"https:\/\/www.abc.es\/espana\/comunidad-valenciana\/\" target=\"_blank\" data-voc-vtm-id=\"in-text-traffic\" title=\"Castell\u00f3n\" data-mrf-link=\"www.abc.es\" rel=\"nofollow noopener\">Castell\u00f3n<\/a>), seg\u00fan ha informado el Centro de Informaci\u00f3n y Coordinaci\u00f3n de Urgencias (CICU).<\/p>\n<p class=\"voc-p\" style=\"\">El aviso se ha recibido sobre las <strong>8.15 horas<\/strong> y hasta el lugar se han movilizado un SAMU, un helic\u00f3ptero medicalizado, dos SVB y un Soporte Vital Avanzado de Enfermer\u00eda.<\/p>\n<p class=\"voc-p\" style=\"\">Los heridos, de unos 20 a\u00f1os, han sido trasladados al Hospital General de Castell\u00f3n y Hospital de la Plana. En concreto, dos chicos, uno por contusiones m\u00faltiples y otro por fractura de tibia, han sido llevados a la Plana.<\/p>\n<p class=\"voc-p\" style=\"\">Al <strong>General de Castell\u00f3n<\/strong> han sido movilizados dos chicos -uno con herida abierta en pierna y contusiones en el abdomen, y el otro con traumatismo cerebral y agitaci\u00f3n- y una chica con contusiones en pared abdominal.<\/p>\n<p class=\"voc-p\" style=\"\">Por su parte, el Centro de Gesti\u00f3n de los Servicios de Soporte a la Movilidad de la Generalitat (<strong>Cegesem<\/strong>) ha informado de da\u00f1os producidos en la v\u00eda y en el tendido el\u00e9ctrico en este municipio debido al accidente de tr\u00e1fico, seg\u00fan ha indicado el Centro de Coordinaci\u00f3n de Emergencias de la Generalitat en un mensaje en su red social &#8216;X&#8217;.<\/p>\n<p>Reportar un error<\/p>\n","protected":false},"excerpt":{"rendered":"El aviso se ha recibido sobre las 8.15 horas y hasta el lugar se han movilizado un SAMU,&hellip;\n","protected":false},"author":2,"featured_media":99856,"comment_status":"","ping_status":"","sticky":false,"template":"","format":"standard","meta":{"footnotes":""},"categories":[8],"tags":[4205,17,18,3965,5810,25,24,13,14,11,11225,19,20,5555,9,10,15,16,23,12,589,21,22],"class_list":{"0":"post-99855","1":"post","2":"type-post","3":"status-publish","4":"format-standard","5":"has-post-thumbnail","7":"category-espana","8":"tag-accidente","9":"tag-breaking-news","10":"tag-breakingnews","11":"tag-castellon","12":"tag-cinco","13":"tag-es","14":"tag-espana","15":"tag-featured-news","16":"tag-featurednews","17":"tag-headlines","18":"tag-heridos","19":"tag-latest-news","20":"tag-latestnews","21":"tag-muerto","22":"tag-news","23":"tag-noticias","24":"tag-noticias-destacadas","25":"tag-noticiasdestacadas","26":"tag-spain","27":"tag-titulares","28":"tag-trafico","29":"tag-ultimas-noticias","30":"tag-ultimasnoticias"},"share_on_mastodon":{"url":"","error":""},"_links":{"self":[{"href":"https:\/\/www.europesays.com\/es\/wp-json\/wp\/v2\/posts\/99855","targetHints":{"allow":["GET"]}}],"collection":[{"href":"https:\/\/www.europesays.com\/es\/wp-json\/wp\/v2\/posts"}],"about":[{"href":"https:\/\/www.europesays.com\/es\/wp-json\/wp\/v2\/types\/post"}],"author":[{"embeddable":true,"href":"https:\/\/www.europesays.com\/es\/wp-json\/wp\/v2\/users\/2"}],"replies":[{"embeddable":true,"href":"https:\/\/www.europesays.com\/es\/wp-json\/wp\/v2\/comments?post=99855"}],"version-history":[{"count":0,"href":"https:\/\/www.europesays.com\/es\/wp-json\/wp\/v2\/posts\/99855\/revisions"}],"wp:featuredmedia":[{"embeddable":true,"href":"https:\/\/www.europesays.com\/es\/wp-json\/wp\/v2\/media\/99856"}],"wp:attachment":[{"href":"https:\/\/www.europesays.com\/es\/wp-json\/wp\/v2\/media?parent=99855"}],"wp:term":[{"taxonomy":"category","embeddable":true,"href":"https:\/\/www.europesays.com\/es\/wp-json\/wp\/v2\/categories?post=99855"},{"taxonomy":"post_tag","embeddable":true,"href":"https:\/\/www.europesays.com\/es\/wp-json\/wp\/v2\/tags?post=99855"}],"curies":[{"name":"wp","href":"https:\/\/api.w.org\/{rel}","templated":true}]}}