{"id":99859,"date":"2025-09-07T18:30:04","date_gmt":"2025-09-07T18:30:04","guid":{"rendered":"https:\/\/www.europesays.com\/es\/99859\/"},"modified":"2025-09-07T18:30:04","modified_gmt":"2025-09-07T18:30:04","slug":"27-26-el-liron-teucro-se-queda-con-la-miel-en-los-labios","status":"publish","type":"post","link":"https:\/\/www.europesays.com\/es\/99859\/","title":{"rendered":"27-26. El Lir\u00f3n Teucro se queda con la miel en los labios"},"content":{"rendered":"<p>Un <a target=\"_blank\" href=\"https:\/\/www.diariodepontevedra.es\/tags\/sd-teucro\/\" rel=\"nofollow noopener\">Lir\u00f3n Teucro<\/a> combativo se qued\u00f3 a las puertas del t\u00edtulo de la <strong>Copa Galicia<\/strong> tras caer por <strong>27-26 ante el Valinox Nov\u00e1s<\/strong>, equipo reci\u00e9n descendido y con el que compartir\u00e1 grupo en <strong>Primera Nacional <\/strong>esta temporada.<\/p>\n<p>No comenz\u00f3 bien el encuentro para el vicedecano, que se estrell\u00f3 en varias ocasiones con el meta <strong>Miana <\/strong>y no supo frenar los lanzamientos de<strong> Bruno V\u00e1zquez<\/strong>. El exjugador del Cisne estuvo muy activo en los primeros compases del choque y su poderoso brazo izquierdo le dio las primeras ventajas a su equipo <strong>(4-2)<\/strong>.<\/p>\n<p>Reaccion\u00f3 bien el Teucro, especialmente tras una exclusi\u00f3n de <strong>Santom\u00e9<\/strong>. Un<strong> parcial de 0-3<\/strong>, aprovechando la superioridad num\u00e9rica, le permiti\u00f3 dar la vuelta al marcador <strong>(5-6)<\/strong>. Consigui\u00f3 empatar <strong>L\u00f3pez Rey<\/strong> (6-6) antes de que el conjunto lerezano lograra otro parcial de 0-4, aprovechando la segunda exclusi\u00f3n de Santom\u00e9, en este caso por realizar un cambio antirreglamentario<strong> (6-10)<\/strong>.<\/p>\n<p>El <strong>parcial global era de 1-7<\/strong> y en \u00e9l tuvo especial protagonismo el portero <strong>Pablo Gonz\u00e1lez<\/strong>, uno de los varios refuerzos procedentes del Reconquista\u00a0de Vigo.\u00a0Varias paradas suyas dieron alas a sus compa\u00f1eros y obligaron a <strong>Guillermo Artime<\/strong> a entregar la tarjeta verde en la mesa de anotadores. Las indicaciones del t\u00e9cnico asturiano fueron mano de santo para su equipo, ya que, en un abrir y cerrar de ojos, redujo a la m\u00ednima expresi\u00f3n la ventaja de los pupilos de <strong>Irene Vilaboa<\/strong> (9-10), gracias a dos goles de penalti de <strong>Prada <\/strong>y a otro m\u00e1s de<strong> Bruno V\u00e1zquez<\/strong> de lanzamiento exterior.\u00a0<\/p>\n<p>La entrenadora del Teucro tuvo que parar el juego al ver c\u00f3mo el trabajo de su equipo se ven\u00eda abajo, pero no consigui\u00f3 hacer reaccionar a sus jugadores. El parcial se ampli\u00f3 hasta el <strong>6-0 con un gol de Davila<\/strong> <strong>y otros dos m\u00e1s de Prada<\/strong>, uno de ellos nuevamente desde los siete metros<strong> (12-10)<\/strong>.<\/p>\n<p>Qued\u00f3 muy tocado el equipo azul con el vendaval\u00a0de juego de su rival y en los \u00faltimos minutos de la primera mitad \u00fanicamente fue capaz de marcar un gol, por lo que se lleg\u00f3 al final del primer acto con un <strong>14-11<\/strong> a favor del equipo que la temporada pasada milit\u00f3 en <strong>Divisi\u00f3n de Honor Plata<\/strong>.<\/p>\n<blockquote>\n<p>Pablo Gonz\u00e1lez fue una de las piezas claves en el encuentro para que el Teucro se mantuviese con opciones de optar al t\u00edtulo<\/p>\n<\/blockquote>\n<p>Cerca de la remontada en el segundo tiempo<\/p>\n<p>Irene Vilaboa ajust\u00f3 los sistemas de su equipo, tanto en ataque como en defensa, y la mejor\u00eda fue meridiana tras el intermedio. Entr\u00f3 mucho m\u00e1s en juego <strong>Herrera <\/strong>y consigui\u00f3 un <strong>parcial de salida de 2-6<\/strong>, con cuatro goles del pivote brasile\u00f1o<strong> (17-17)<\/strong>.<\/p>\n<p>Quedaban <strong>veinte minutos<\/strong> por jugar y el partido estaba totalmente igualado. As\u00ed se mantuvo durante los seis minutos posteriores, con intercambio de golpes por parte de ambos conjuntos <strong>(20-20, min. 36)<\/strong>. Sin embargo, en un par de minutos, el panorama cambi\u00f3 radicalmente.<\/p>\n<p><strong>Rivas <\/strong>puso por delante de nuevo al equipo rosaleiro. <strong>Miana <\/strong>realiz\u00f3 un parad\u00f3n a lanzamiento desde seis metros de <strong>Herrera <\/strong>y <strong>Prada <\/strong>sali\u00f3 como una bala al contragolpe para poner el 22-20. Unos segundos despu\u00e9s, Prada rob\u00f3 un bal\u00f3n y marc\u00f3 el<strong> 23-20<\/strong>.<\/p>\n<p><strong>Irene Vilaboa par\u00f3 de nuevo el partido<\/strong>. No fue todo lo efectivo que le habr\u00eda gustado y el parcial se ampli\u00f3 en los siguientes minutos (26-22). Gast\u00f3 sus tiempos muertos la entrenadora de la escuadra teucrista y orden\u00f3 a su equipo atacar con siete efectivos. Reaccion\u00f3 <strong>Guillermo Artime<\/strong> con otro tiempo muerto para que sus pupilos supieran c\u00f3mo defender esos ataques.<\/p>\n<p><strong>Pablo Gonz\u00e1lez <\/strong>volvi\u00f3 a hacerse grande en la porter\u00eda -quince paradas en su haber- y el Teucro se fue acercando en el marcador <strong>(26-24)<\/strong>.<\/p>\n<p>Quedaban <strong>tres minutos y medio<\/strong> y el partido no estaba decidido. El cuadro de la Boa Vila comenz\u00f3 a defender en presi\u00f3n y consigui\u00f3 llegar al minuto final con opciones despu\u00e9s de <strong>dos goles consecutivos de Marchette (27-26)<\/strong>.\u00a0<\/p>\n<p>Atac\u00f3 el Valinox tras un nuevo tiempo muerto de su entrenador y perdi\u00f3 el bal\u00f3n, dando al Teucro la posibilidad de empatar. Una <strong>falta en ataque de Labartete<\/strong> lo hizo imposible y <strong>el t\u00edtulo de la Copa Galicia viaj\u00f3 hacia O Rosal<\/strong>.<\/p>\n<p>Ficha t\u00e9cnica:<\/p>\n<p><strong>27.- Valinox Nov\u00e1s<\/strong>: Miana, Leiras (1), Bruno V\u00e1zquez (4), L\u00f3pez Rey (2), Rub\u00e9n Fern\u00e1ndez (1), Rivas (2) y Prada (10, 4p.) -siete inicial-, Gil (p.s.), Flores, Santom\u00e9, Teles (3), Davila (3), Ismael G\u00f3mez (1) y Yasir Mart\u00ednez.\u00a0No jugaron Portela y Borja Rodr\u00edguez.<\/p>\n<p><strong>26.- Lir\u00f3n Teucro 80 Aniversario<\/strong>: Pablo Gonz\u00e1lez (1), Marchette (4), Blond (2), Monteagudo, Herrera (4), Labartete (1) y Pintus (9, 6p.) -siete inicial-, Miguel Jim\u00e9nez (p.s.), Andr\u00e9s P\u00e9rez, Iago Rivas (1), Vidal (1), Areias (3), Mart\u00edn Gonz\u00e1lez y Ricardo Gonz\u00e1lez.<\/p>\n<p><strong>\u00c1rbitros<\/strong>: Juncal L\u00f3pez y Barreiro Su\u00e1rez (Colegio gallego). Excluyeron a los jugadores del Valinox Nov\u00e1s Santom\u00e9 (2), Rub\u00e9n Fern\u00e1ndez, Bruno V\u00e1zquez y Yasir Mart\u00ednez, y a los teucristas Monteagudo, Marchette y Labartete.<\/p>\n<p><strong>Parciales<\/strong>: 2-1, 5-3, 6-7, 6-9, 10-10, 14-11 (descanso), 16-14, 17-16, 20-19, 24-22,\u00a026-23 y\u00a027-26.<\/p>\n<p><strong>Incidencias<\/strong>: Pabell\u00f3n Sara G\u00f3mez. 450 espectadores<\/p>\n","protected":false},"excerpt":{"rendered":"Un Lir\u00f3n Teucro combativo se qued\u00f3 a las puertas del t\u00edtulo de la Copa Galicia tras caer por&hellip;\n","protected":false},"author":2,"featured_media":99860,"comment_status":"","ping_status":"","sticky":false,"template":"","format":"standard","meta":{"footnotes":""},"categories":[278],"tags":[35476,376,9841,168,25,24,375,15046,23,167],"class_list":{"0":"post-99859","1":"post","2":"type-post","3":"status-publish","4":"format-standard","5":"has-post-thumbnail","7":"category-balonmano","8":"tag-atletico-novas","9":"tag-balonmano","10":"tag-copa-galicia","11":"tag-deportes","12":"tag-es","13":"tag-espana","14":"tag-handball","15":"tag-sd-teucro","16":"tag-spain","17":"tag-sports"},"share_on_mastodon":{"url":"","error":""},"_links":{"self":[{"href":"https:\/\/www.europesays.com\/es\/wp-json\/wp\/v2\/posts\/99859","targetHints":{"allow":["GET"]}}],"collection":[{"href":"https:\/\/www.europesays.com\/es\/wp-json\/wp\/v2\/posts"}],"about":[{"href":"https:\/\/www.europesays.com\/es\/wp-json\/wp\/v2\/types\/post"}],"author":[{"embeddable":true,"href":"https:\/\/www.europesays.com\/es\/wp-json\/wp\/v2\/users\/2"}],"replies":[{"embeddable":true,"href":"https:\/\/www.europesays.com\/es\/wp-json\/wp\/v2\/comments?post=99859"}],"version-history":[{"count":0,"href":"https:\/\/www.europesays.com\/es\/wp-json\/wp\/v2\/posts\/99859\/revisions"}],"wp:featuredmedia":[{"embeddable":true,"href":"https:\/\/www.europesays.com\/es\/wp-json\/wp\/v2\/media\/99860"}],"wp:attachment":[{"href":"https:\/\/www.europesays.com\/es\/wp-json\/wp\/v2\/media?parent=99859"}],"wp:term":[{"taxonomy":"category","embeddable":true,"href":"https:\/\/www.europesays.com\/es\/wp-json\/wp\/v2\/categories?post=99859"},{"taxonomy":"post_tag","embeddable":true,"href":"https:\/\/www.europesays.com\/es\/wp-json\/wp\/v2\/tags?post=99859"}],"curies":[{"name":"wp","href":"https:\/\/api.w.org\/{rel}","templated":true}]}}