{"id":99885,"date":"2025-09-07T18:47:07","date_gmt":"2025-09-07T18:47:07","guid":{"rendered":"https:\/\/www.europesays.com\/es\/99885\/"},"modified":"2025-09-07T18:47:07","modified_gmt":"2025-09-07T18:47:07","slug":"el-album-de-boda-de-la-influencer-alejandra-navarro-en-galicia-un-recorrido-por-a-marina-lucense-gaitas-y-una-sorpresa-para-maria-pombo-la-voz-de-galicia","status":"publish","type":"post","link":"https:\/\/www.europesays.com\/es\/99885\/","title":{"rendered":"El \u00e1lbum de boda de la \u00abinfluencer\u00bb Alejandra Navarro en Galicia: un recorrido por A Mari\u00f1a lucense, gaitas y una sorpresa para Mar\u00eda Pombo &#8211; La Voz de Galicia"},"content":{"rendered":"<ol>\n<li><a href=\"https:\/\/news.google.com\/rss\/articles\/CBMilAJBVV95cUxNa21EY1FOTVpnT2FYMWMxX2V3aGdaLW10ZlVPc0kzLTF0X2Z3Y2dVNHY0eV9EMXNuQklvbkV0VFNIeDUxZWR0b3FobUFFVC1ZUkdRT09uV2NCaFdjVFJxVE1kdVpVTnA5TVlVQUxuUzhneHkwcE9WeFQtYkJpYk1tQmw3MjFiNW1MQWh2Q1BLYUo3T21JTnc2aDE0WVdjY3JsdXRGOUJZVEc4a1N5S2lua3FaTi0xVV9WVmozQUpfZ1VmTzNndEVkTlV6VjlJUDZZSmNzbGFFaXREWDNKenR4NzZNd0JySVdsOEQxclplcEJ1OXRGcXRFUXQycTBTaDB3U0psNHdzRnFCS09uS1RkVVVBMEI?oc=5\" target=\"_blank\" rel=\"nofollow noopener\">El \u00e1lbum de boda de la \u00abinfluencer\u00bb Alejandra Navarro en Galicia: un recorrido por A Mari\u00f1a lucense, gaitas y una sorpresa para Mar\u00eda Pombo<\/a>&nbsp;&nbsp;La Voz de Galicia<\/li>\n<li><a href=\"https:\/\/news.google.com\/rss\/articles\/CBMijwFBVV95cUxPa1pZNjhPby0yQ1VJMVJhaFJaazUxZzNOaUdTTVhFUnZPWVBrNE1fZ2dNQlhSclo2bjVuaFg5M3g3Z2E1MEpIUzdWTUxENWdBYnI0aWxUWXpxRmhvaHNSaDEwLWcyMVZWTUMxZjlIQzQzOWRsUmdGNGY1R0EyUlZ5SkI5eVFaX3ROdEJBMnhJTQ?oc=5\" target=\"_blank\" rel=\"nofollow noopener\">El original vestido de novia de la influencer Alejandra Navarro, al detalle: de su velo tipo casquete a su cors\u00e9 con historia<\/a>&nbsp;&nbsp;HOLA<\/li>\n<li><a href=\"https:\/\/news.google.com\/rss\/articles\/CBMizgFBVV95cUxNV3ljMFdFdTJfQ2pVLW9KRkFad1kyanJkUkR2SXJ5TXRDMExLUnRWd3VqOTdqOHowR2dZTF9sNVBvc0JsS3pJU25ZLVdzeDY1eks3MEpqcEhieFlQS0FLbXFta2pCMEpKQXhpa25COTdJMURXTm9GaEMzbzQ3UDY1QTM4cTdLZFpqZHVDckxrMVhyZ0lPQjhIQnpaTzZhNFlyREI5LUxTTFBDWUpqWGVOcldFRWh4cEhXSExvdjQzQThmUTkzY0xGR19udkdzUdIB0wFBVV95cUxPYnhHblNqejg4LUhnTU1YbjhmWWpNc2pGSTdRY2pESG9DVDRiSGlvaF9VeUxWNVJYeThyRXA3VG9FNnZMa0YyS2FxbnQwdzl6bGYybzlIaTdTanJ2WGtwMjJzR05LX0N4RGFTM2pQMm13MXRZaVZ6UTRzZWpOUmZ0YVJsSHU4dzhBVHNTTnZxMFdWaF8taEp5TFpLWURVNENVR2Vtdk1QRV9pT2dMQWNMaVZkNndXSDlEOE5UTnhMejRKN3BJMlpZQzh6X0VaQVJoMklV?oc=5\" target=\"_blank\" rel=\"nofollow noopener\">De los looks premam\u00e1 de Mar\u00eda Pombo y Bea Gimeno a Marta Pombo y Mar\u00eda Garc\u00eda de Jaime: los vestidos de invitada a la boda de Alejandra Navarro<\/a>&nbsp;&nbsp;Vanitatis<\/li>\n<li><a href=\"https:\/\/news.google.com\/rss\/articles\/CBMipAFBVV95cUxQNklrTXdRMEIxWGZDdmlYQmo5RW1aLU16dFNqd3ZMV29QakVYcnpleXBmYjNLZ1hwbm9YemNnenhTdmNGejJ3R0pVd19Bb0hVekZ6V0FlM2U0cFNIMFpYRE5vM1VVSEhjRjBVQTVxdE9qTTNHTzFhYWVlR2FNMy1IaS1GWTdOQ0xvdS0wN0V3alZjV3hFOThGU1FzeW5PSS1KWDlwMtIBqgFBVV95cUxOQkxic2NPVWJBaktXeGpheXQ3TGlteXgzaDBOS1NZcTBDM0FKeTZZcGIwUkxEemFzWUIyeHYzY2VMTkd0WEdWZ0g1b2pqYlpNdlZHUld3RFFJMGl1YXgzR2Rrb1BJLVZhYmVxWHE3eTg5YlBGZG8wNFREX3NneGQ5aUNnRU5sTXotUlVacGhNUG5xSXNJRUxjNGx0RF9qRzJIbWZROUJaQndPUQ?oc=5\" target=\"_blank\" rel=\"nofollow noopener\">De Mar\u00eda Pombo a Bea Gimeno: cumbre de &#8216;influencers&#8217; en la boda de Alejandra Navarro y Carlos Fuente<\/a>&nbsp;&nbsp;El Peri\u00f3dico<\/li>\n<li><a href=\"https:\/\/news.google.com\/rss\/articles\/CBMi2wFBVV95cUxQdW9hWFpXQmVxb1kyLXBLZ0xodXctTmJzbHppLWk0QmtHVTg5UVB4dVhhNHU0dzI1aEY5eEU3NXJYSWNydE96OUJKNlVYUzhiS1BjYTV3M2JBc0VsN2VjaDBfRURZRUZycXdKUHBMNmk0TkhWMWpacDVyUGZ4a3pMTTNfdFVFY1dnMEpfUTZiTkczOWY2SmtXQ0gtQ1F1aUU0UGhFeS1waHp1ZzFSZzFhRm5tam9DWUVZWUt1TnZaQkZUcmlqWUxVWGhKQ2dGYzN0RE8xdk01R1hMRzTSAeABQVVfeXFMTlRiaGZFeG9YNjlGczVhdjZSYkxhWDhha2FXMVo2QjNNbElBeG5oUHRibUtvVTB0dlFpLW1paWFnMHZjTDAyYnQ4RHNfaWpaeDhCbjJnLTg4eTdhN0tXeEl1NExaaVYySjU5eDNRbDlGZU9uYkQwMkwtMlI1Y1NQbkV2RXZjbFlPUVdpLUh1aWk3MVRsaHdsSTFxWVh2TVA5ektoWlZ3eGtRNXIzd0RCbm1qeWdPNzEzb1RyZkxuem9zbzVHZkp5cUJjN0ZSS2I4MEthTUc0NVotc3lMcEd0ZG4?oc=5\" target=\"_blank\" rel=\"nofollow noopener\">Boda de ensue\u00f1o en Ribadeo: la influencer Alejandra Navarro da el \u201cs\u00ed, quiero\u201d a Carlos Fuente<\/a>&nbsp;&nbsp;AQU\u00cd Diario<\/li>\n<\/ol>\n","protected":false},"excerpt":{"rendered":"El \u00e1lbum de boda de la \u00abinfluencer\u00bb Alejandra Navarro en Galicia: un recorrido por A Mari\u00f1a lucense, gaitas&hellip;\n","protected":false},"author":2,"featured_media":99886,"comment_status":"","ping_status":"","sticky":false,"template":"","format":"standard","meta":{"footnotes":""},"categories":[91],"tags":[146,147,25,24,9127,34972,23],"class_list":{"0":"post-99885","1":"post","2":"type-post","3":"status-publish","4":"format-standard","5":"has-post-thumbnail","7":"category-entretenimiento","8":"tag-entertainment","9":"tag-entretenimiento","10":"tag-es","11":"tag-espana","12":"tag-maria-pombo","13":"tag-marta-pombo","14":"tag-spain"},"share_on_mastodon":{"url":"","error":""},"_links":{"self":[{"href":"https:\/\/www.europesays.com\/es\/wp-json\/wp\/v2\/posts\/99885","targetHints":{"allow":["GET"]}}],"collection":[{"href":"https:\/\/www.europesays.com\/es\/wp-json\/wp\/v2\/posts"}],"about":[{"href":"https:\/\/www.europesays.com\/es\/wp-json\/wp\/v2\/types\/post"}],"author":[{"embeddable":true,"href":"https:\/\/www.europesays.com\/es\/wp-json\/wp\/v2\/users\/2"}],"replies":[{"embeddable":true,"href":"https:\/\/www.europesays.com\/es\/wp-json\/wp\/v2\/comments?post=99885"}],"version-history":[{"count":0,"href":"https:\/\/www.europesays.com\/es\/wp-json\/wp\/v2\/posts\/99885\/revisions"}],"wp:featuredmedia":[{"embeddable":true,"href":"https:\/\/www.europesays.com\/es\/wp-json\/wp\/v2\/media\/99886"}],"wp:attachment":[{"href":"https:\/\/www.europesays.com\/es\/wp-json\/wp\/v2\/media?parent=99885"}],"wp:term":[{"taxonomy":"category","embeddable":true,"href":"https:\/\/www.europesays.com\/es\/wp-json\/wp\/v2\/categories?post=99885"},{"taxonomy":"post_tag","embeddable":true,"href":"https:\/\/www.europesays.com\/es\/wp-json\/wp\/v2\/tags?post=99885"}],"curies":[{"name":"wp","href":"https:\/\/api.w.org\/{rel}","templated":true}]}}