{"id":2165,"count":12,"description":"","link":"https:\/\/www.europesays.com\/es\/tag\/felix-bolanos-garcia\/","name":"F\u00e9lix Bola\u00f1os Garc\u00eda","slug":"felix-bolanos-garcia","taxonomy":"post_tag","meta":[],"_links":{"self":[{"href":"https:\/\/www.europesays.com\/es\/wp-json\/wp\/v2\/tags\/2165","targetHints":{"allow":["GET"]}}],"collection":[{"href":"https:\/\/www.europesays.com\/es\/wp-json\/wp\/v2\/tags"}],"about":[{"href":"https:\/\/www.europesays.com\/es\/wp-json\/wp\/v2\/taxonomies\/post_tag"}],"wp:post_type":[{"href":"https:\/\/www.europesays.com\/es\/wp-json\/wp\/v2\/posts?tags=2165"}],"curies":[{"name":"wp","href":"https:\/\/api.w.org\/{rel}","templated":true}]}}