{"id":35367,"count":1,"description":"","link":"https:\/\/www.europesays.com\/es\/tag\/por-que-se-celebra-el-dia-mundial-de-la-prevencion-del-suicidio\/","name":"\u00bfPor qu\u00e9 se celebra el D\u00eda Mundial de la Prevenci\u00f3n del Suicidio?","slug":"por-que-se-celebra-el-dia-mundial-de-la-prevencion-del-suicidio","taxonomy":"post_tag","meta":[],"_links":{"self":[{"href":"https:\/\/www.europesays.com\/es\/wp-json\/wp\/v2\/tags\/35367","targetHints":{"allow":["GET"]}}],"collection":[{"href":"https:\/\/www.europesays.com\/es\/wp-json\/wp\/v2\/tags"}],"about":[{"href":"https:\/\/www.europesays.com\/es\/wp-json\/wp\/v2\/taxonomies\/post_tag"}],"wp:post_type":[{"href":"https:\/\/www.europesays.com\/es\/wp-json\/wp\/v2\/posts?tags=35367"}],"curies":[{"name":"wp","href":"https:\/\/api.w.org\/{rel}","templated":true}]}}