{"id":44587,"count":1,"description":"","link":"https:\/\/www.europesays.com\/es\/tag\/que-haran-los-renos-despues-de-navidad\/","name":"\u00bfQu\u00e9 har\u00e1n los renos despu\u00e9s de Navidad?","slug":"que-haran-los-renos-despues-de-navidad","taxonomy":"post_tag","meta":[],"_links":{"self":[{"href":"https:\/\/www.europesays.com\/es\/wp-json\/wp\/v2\/tags\/44587","targetHints":{"allow":["GET"]}}],"collection":[{"href":"https:\/\/www.europesays.com\/es\/wp-json\/wp\/v2\/tags"}],"about":[{"href":"https:\/\/www.europesays.com\/es\/wp-json\/wp\/v2\/taxonomies\/post_tag"}],"wp:post_type":[{"href":"https:\/\/www.europesays.com\/es\/wp-json\/wp\/v2\/posts?tags=44587"}],"curies":[{"name":"wp","href":"https:\/\/api.w.org\/{rel}","templated":true}]}}