{"id":50878,"count":1,"description":"","link":"https:\/\/www.europesays.com\/es\/tag\/que-es-el-dia-h-y-por-que-se-celebra-en-homenaje-a-heroes-del-silencio-el-programa-y-la-fecha-de-este-ano\/","name":"Qu\u00e9 es el D\u00eda H y por qu\u00e9 se celebra en homenaje a H\u00e9roes del Silencio: el programa y la fecha de este a\u00f1o","slug":"que-es-el-dia-h-y-por-que-se-celebra-en-homenaje-a-heroes-del-silencio-el-programa-y-la-fecha-de-este-ano","taxonomy":"post_tag","meta":[],"_links":{"self":[{"href":"https:\/\/www.europesays.com\/es\/wp-json\/wp\/v2\/tags\/50878","targetHints":{"allow":["GET"]}}],"collection":[{"href":"https:\/\/www.europesays.com\/es\/wp-json\/wp\/v2\/tags"}],"about":[{"href":"https:\/\/www.europesays.com\/es\/wp-json\/wp\/v2\/taxonomies\/post_tag"}],"wp:post_type":[{"href":"https:\/\/www.europesays.com\/es\/wp-json\/wp\/v2\/posts?tags=50878"}],"curies":[{"name":"wp","href":"https:\/\/api.w.org\/{rel}","templated":true}]}}