{"id":54599,"count":1,"description":"","link":"https:\/\/www.europesays.com\/es\/tag\/junto-a-referentes-del-periodismo-especializado-carmelo-garcia-destaca-el-nivel-de-los-comparecientes-este-ano-en-almodovar-del-campo\/","name":"junto a referentes del periodismo especializado. Carmelo Garc\u00eda destaca el nivel de los comparecientes este a\u00f1o en Almod\u00f3var del Campo","slug":"junto-a-referentes-del-periodismo-especializado-carmelo-garcia-destaca-el-nivel-de-los-comparecientes-este-ano-en-almodovar-del-campo","taxonomy":"post_tag","meta":[],"_links":{"self":[{"href":"https:\/\/www.europesays.com\/es\/wp-json\/wp\/v2\/tags\/54599","targetHints":{"allow":["GET"]}}],"collection":[{"href":"https:\/\/www.europesays.com\/es\/wp-json\/wp\/v2\/tags"}],"about":[{"href":"https:\/\/www.europesays.com\/es\/wp-json\/wp\/v2\/taxonomies\/post_tag"}],"wp:post_type":[{"href":"https:\/\/www.europesays.com\/es\/wp-json\/wp\/v2\/posts?tags=54599"}],"curies":[{"name":"wp","href":"https:\/\/api.w.org\/{rel}","templated":true}]}}