{"id":54993,"count":1,"description":"","link":"https:\/\/www.europesays.com\/es\/tag\/investidura-parlamentaria-alberto-nunez-feijoo-2023\/","name":"Investidura parlamentaria Alberto N\u00fa\u00f1ez Feij\u00f3o 2023","slug":"investidura-parlamentaria-alberto-nunez-feijoo-2023","taxonomy":"post_tag","meta":[],"_links":{"self":[{"href":"https:\/\/www.europesays.com\/es\/wp-json\/wp\/v2\/tags\/54993","targetHints":{"allow":["GET"]}}],"collection":[{"href":"https:\/\/www.europesays.com\/es\/wp-json\/wp\/v2\/tags"}],"about":[{"href":"https:\/\/www.europesays.com\/es\/wp-json\/wp\/v2\/taxonomies\/post_tag"}],"wp:post_type":[{"href":"https:\/\/www.europesays.com\/es\/wp-json\/wp\/v2\/posts?tags=54993"}],"curies":[{"name":"wp","href":"https:\/\/api.w.org\/{rel}","templated":true}]}}