{"id":56569,"count":1,"description":"","link":"https:\/\/www.europesays.com\/es\/tag\/academia-espanola-de-dermatologia-y-venereologia-aedv\/","name":"Academia Espa\u00f1ola de Dermatolog\u00eda y Venereolog\u00eda (AEDV)","slug":"academia-espanola-de-dermatologia-y-venereologia-aedv","taxonomy":"post_tag","meta":[],"_links":{"self":[{"href":"https:\/\/www.europesays.com\/es\/wp-json\/wp\/v2\/tags\/56569","targetHints":{"allow":["GET"]}}],"collection":[{"href":"https:\/\/www.europesays.com\/es\/wp-json\/wp\/v2\/tags"}],"about":[{"href":"https:\/\/www.europesays.com\/es\/wp-json\/wp\/v2\/taxonomies\/post_tag"}],"wp:post_type":[{"href":"https:\/\/www.europesays.com\/es\/wp-json\/wp\/v2\/posts?tags=56569"}],"curies":[{"name":"wp","href":"https:\/\/api.w.org\/{rel}","templated":true}]}}