{"id":62166,"count":1,"description":"","link":"https:\/\/www.europesays.com\/es\/tag\/la-final-de-la-copa-del-rey-de-futbol-se-jugara-en-la-cartuja-tres-anos-mas\/","name":"La final de la Copa del Rey de F\u00fatbol se jugar\u00e1 en La Cartuja tres a\u00f1os m\u00e1s","slug":"la-final-de-la-copa-del-rey-de-futbol-se-jugara-en-la-cartuja-tres-anos-mas","taxonomy":"post_tag","meta":[],"_links":{"self":[{"href":"https:\/\/www.europesays.com\/es\/wp-json\/wp\/v2\/tags\/62166","targetHints":{"allow":["GET"]}}],"collection":[{"href":"https:\/\/www.europesays.com\/es\/wp-json\/wp\/v2\/tags"}],"about":[{"href":"https:\/\/www.europesays.com\/es\/wp-json\/wp\/v2\/taxonomies\/post_tag"}],"wp:post_type":[{"href":"https:\/\/www.europesays.com\/es\/wp-json\/wp\/v2\/posts?tags=62166"}],"curies":[{"name":"wp","href":"https:\/\/api.w.org\/{rel}","templated":true}]}}