{"id":67338,"count":1,"description":"","link":"https:\/\/www.europesays.com\/es\/tag\/informacion-sobre-la-reposicion-al-culto-de-maria-santisima-de-la-esperanza-macarena\/","name":"&raquo; Informaci\u00f3n sobre la reposici\u00f3n al culto de Mar\u00eda Sant\u00edsima de la Esperanza Macarena","slug":"informacion-sobre-la-reposicion-al-culto-de-maria-santisima-de-la-esperanza-macarena","taxonomy":"post_tag","meta":[],"_links":{"self":[{"href":"https:\/\/www.europesays.com\/es\/wp-json\/wp\/v2\/tags\/67338","targetHints":{"allow":["GET"]}}],"collection":[{"href":"https:\/\/www.europesays.com\/es\/wp-json\/wp\/v2\/tags"}],"about":[{"href":"https:\/\/www.europesays.com\/es\/wp-json\/wp\/v2\/taxonomies\/post_tag"}],"wp:post_type":[{"href":"https:\/\/www.europesays.com\/es\/wp-json\/wp\/v2\/posts?tags=67338"}],"curies":[{"name":"wp","href":"https:\/\/api.w.org\/{rel}","templated":true}]}}