{"id":68632,"count":1,"description":"","link":"https:\/\/www.europesays.com\/es\/tag\/ministerio-para-la-transformacion-digital-y-de-la-funcion-publica\/","name":"Ministerio para la Transformaci\u00f3n Digital y de la Funci\u00f3n P\u00fablica","slug":"ministerio-para-la-transformacion-digital-y-de-la-funcion-publica","taxonomy":"post_tag","meta":[],"_links":{"self":[{"href":"https:\/\/www.europesays.com\/es\/wp-json\/wp\/v2\/tags\/68632","targetHints":{"allow":["GET"]}}],"collection":[{"href":"https:\/\/www.europesays.com\/es\/wp-json\/wp\/v2\/tags"}],"about":[{"href":"https:\/\/www.europesays.com\/es\/wp-json\/wp\/v2\/taxonomies\/post_tag"}],"wp:post_type":[{"href":"https:\/\/www.europesays.com\/es\/wp-json\/wp\/v2\/posts?tags=68632"}],"curies":[{"name":"wp","href":"https:\/\/api.w.org\/{rel}","templated":true}]}}