{"id":69776,"count":1,"description":"","link":"https:\/\/www.europesays.com\/es\/tag\/donde-se-ubicara-el-busto-de-benito-perez-galdos-donado-a-zaragoza\/","name":"\u00bfD\u00f3nde se ubicar\u00e1 el busto de Benito P\u00e9rez Gald\u00f3s donado a Zaragoza?","slug":"donde-se-ubicara-el-busto-de-benito-perez-galdos-donado-a-zaragoza","taxonomy":"post_tag","meta":[],"_links":{"self":[{"href":"https:\/\/www.europesays.com\/es\/wp-json\/wp\/v2\/tags\/69776","targetHints":{"allow":["GET"]}}],"collection":[{"href":"https:\/\/www.europesays.com\/es\/wp-json\/wp\/v2\/tags"}],"about":[{"href":"https:\/\/www.europesays.com\/es\/wp-json\/wp\/v2\/taxonomies\/post_tag"}],"wp:post_type":[{"href":"https:\/\/www.europesays.com\/es\/wp-json\/wp\/v2\/posts?tags=69776"}],"curies":[{"name":"wp","href":"https:\/\/api.w.org\/{rel}","templated":true}]}}