{"id":76643,"count":1,"description":"","link":"https:\/\/www.europesays.com\/es\/tag\/el-ministro-urtasun-asiste-a-la-inauguracion-feria-internacional-del-libro-de-nueva-delhi-con-espana-como-pais-foco\/","name":"El ministro Urtasun asiste a la Inauguraci\u00f3n Feria Internacional del Libro de Nueva Delhi con Espa\u00f1a como Pa\u00eds Foco","slug":"el-ministro-urtasun-asiste-a-la-inauguracion-feria-internacional-del-libro-de-nueva-delhi-con-espana-como-pais-foco","taxonomy":"post_tag","meta":[],"_links":{"self":[{"href":"https:\/\/www.europesays.com\/es\/wp-json\/wp\/v2\/tags\/76643","targetHints":{"allow":["GET"]}}],"collection":[{"href":"https:\/\/www.europesays.com\/es\/wp-json\/wp\/v2\/tags"}],"about":[{"href":"https:\/\/www.europesays.com\/es\/wp-json\/wp\/v2\/taxonomies\/post_tag"}],"wp:post_type":[{"href":"https:\/\/www.europesays.com\/es\/wp-json\/wp\/v2\/posts?tags=76643"}],"curies":[{"name":"wp","href":"https:\/\/api.w.org\/{rel}","templated":true}]}}