{"id":9005,"count":1,"description":"","link":"https:\/\/www.europesays.com\/es\/tag\/jose-maria-manzanares-torero-estar-a-la-altura-del-legado-de-mi-padre-es-lo-mas-dificil\/","name":"Jos\u00e9 Mar\u00eda Manzanares torero estar a la altura del legado de mi padre es lo m\u00e1s dif\u00edcil","slug":"jose-maria-manzanares-torero-estar-a-la-altura-del-legado-de-mi-padre-es-lo-mas-dificil","taxonomy":"post_tag","meta":[],"_links":{"self":[{"href":"https:\/\/www.europesays.com\/es\/wp-json\/wp\/v2\/tags\/9005","targetHints":{"allow":["GET"]}}],"collection":[{"href":"https:\/\/www.europesays.com\/es\/wp-json\/wp\/v2\/tags"}],"about":[{"href":"https:\/\/www.europesays.com\/es\/wp-json\/wp\/v2\/taxonomies\/post_tag"}],"wp:post_type":[{"href":"https:\/\/www.europesays.com\/es\/wp-json\/wp\/v2\/posts?tags=9005"}],"curies":[{"name":"wp","href":"https:\/\/api.w.org\/{rel}","templated":true}]}}