{"id":20910,"date":"2026-04-30T13:23:09","date_gmt":"2026-04-30T13:23:09","guid":{"rendered":"https:\/\/www.europesays.com\/europa\/20910\/"},"modified":"2026-04-30T13:23:09","modified_gmt":"2026-04-30T13:23:09","slug":"ludwig-erhard-gipfel-frau-von-erdogan-rivale-imamoglu-fordert-hilfe-von-der-eu","status":"publish","type":"post","link":"https:\/\/www.europesays.com\/europa\/20910\/","title":{"rendered":"Ludwig-Erhard-Gipfel: Frau von Erdogan-Rivale Imamoglu fordert Hilfe von der EU"},"content":{"rendered":"<p class=\"paragraph article__item\">Die Frau des seit mehr als einem Jahr inhaftierten t\u00fcrkischen Oppositionspolitikers <a class=\"rtr-entity\" href=\"https:\/\/www.zeit.de\/thema\/ekrem-i-mamo-lu\" rel=\"nofollow noopener\" target=\"_blank\">Ekrem Imamoglu<\/a>, Dilek Imamoglu, fordert von der EU mehr Einsatz f\u00fcr ihren Mann. \u00abDer Fall von Ekrem Imamoglu muss von den europ\u00e4ischen Institutionen verfolgt, beobachtet und thematisiert werden\u00bb, sagte sie in einer Videobotschaft f\u00fcr den Ludwig-Erhard-Gipfel der Weimer Media Group am Tegernsee. Schweigen bedeute in diesem Fall, sich mitschuldig zu machen. Aus Sicherheitsgr\u00fcnden hatte Dilek Imamoglu sich gegen eine pers\u00f6nliche Teilnahme am Tegernsee entschieden.\n<\/p>\n<p>Aktuelles<\/p>\n<p>                <a href=\"https:\/\/www.zeit.de\/2026\/17\/wolfram-weimer-kulturstaatsminister-friedrich-merz-weimer-media-group\" data-ct-label=\"Wolfram Weimer: Oh, schon wieder was komplett eskaliert!\" data-uuid=\"77b95a1b-32fd-498e-8462-125cf7d106f5\" rel=\"nofollow noopener\" target=\"_blank\"><\/p>\n<p>        Z+ (abopflichtiger Inhalt);<\/p>\n<p>    Wolfram Weimer:<br \/>\n                        Oh, schon wieder was komplett eskaliert!<\/p>\n<p>                <\/a><\/p>\n<p>                <a href=\"https:\/\/www.zeit.de\/politik\/ausland\/2026-04\/tuerkei-opposition-haftstrafe-beleidigung-erdogan-gxe\" data-ct-label=\"T\u00fcrkei: Ehemaliger Oppositionschef in T\u00fcrkei zu Haftstrafe verurteilt\" data-uuid=\"a362d4f6-5fbf-49b6-948c-98ce63da5e47\" rel=\"nofollow noopener\" target=\"_blank\"><\/p>\n<p>                        T\u00fcrkei:<br \/>\n                        Ehemaliger Oppositionschef in T\u00fcrkei zu Haftstrafe verurteilt<\/p>\n<p>                <\/a><\/p>\n<p>                <a href=\"https:\/\/www.zeit.de\/feuilleton\/2026-04\/gedenken-kz-befreiung-buchenwald-wolfram-weimer-hape-kerkeling\" data-ct-label=\"Gedenken an KZ-Befreiung: Ein Mann mit W\u00fcrde\" data-uuid=\"e5b7b1d8-d8f9-4e8d-92f4-983a8735cc15\" rel=\"nofollow noopener\" target=\"_blank\"><\/p>\n<p>        Z+ (abopflichtiger Inhalt);<\/p>\n<p>    Gedenken an KZ-Befreiung:<br \/>\n                        Ein Mann mit W\u00fcrde<\/p>\n<p>                <\/a><\/p>\n<p>                    Veranstaltung w\u00fcrdigt Imamoglus Kampf f\u00fcr die Freiheit        <\/p>\n<p class=\"paragraph article__item\">Zuvor waren Dilek und Ekrem Imamoglu auf der Veranstaltung von Verlegerin Christiane Goetz-Weimer f\u00fcr ihren Mut und ihre Haltung als \u00abFreiheitsk\u00e4mpfer\u00bb geehrt worden. \u00abWir m\u00f6chten Menschen ins Rampenlicht r\u00fccken, die in ihrem Kampf f\u00fcr die Freiheit bis an ihre Grenzen und manchmal sogar dar\u00fcber hinausgehen\u00bb, betonte die Frau von Kulturstaatsminister <a class=\"rtr-entity\" href=\"https:\/\/www.zeit.de\/thema\/wolfram-weimer\" rel=\"nofollow noopener\" target=\"_blank\">Wolfram Weimer<\/a>. Das Verfahren gegen den fr\u00fcheren Istanbuler B\u00fcrgermeister Imamoglu sei \u00abAusdruck einer breiteren Kampagne gegen f\u00fchrende Vertreter der Opposition in der T\u00fcrkei, deren Ziel es ist, demokratische Handlungsspielr\u00e4ume zu begrenzen und politische Alternativen zu schw\u00e4chen\u00bb. Auch sie mahnte, nicht wegzusehen.\u00a0\n<\/p>\n<p>                \u00abSpreche zu Ihnen aus meiner Zelle\u00bb        <\/p>\n<p class=\"paragraph article__item\">Ekrem Imamoglu bedankte sich schriftlich f\u00fcr die W\u00fcrdigung und Anteilnahme: \u00abIch bin heute nicht pers\u00f6nlich bei Ihnen. Ich spreche zu Ihnen aus meiner Zelle in Silivri. Schon allein meine Stimme heute zu erheben, ist ein Kampf. Denn sie wollen mich nicht nur einsperren, sondern auch zum Schweigen bringen.\u00bb Er bezeichnete das Vorgehen gegen seine Person als gezielte Kampagne, \u00abum einen politischen Gegner zum Schweigen zu bringen\u00bb und um Angst zu verbreiten. Zugleich gab er sich hoffnungsvoll, dass die Freiheit auch in der T\u00fcrkei wieder die Oberhand gewinnen werde.\n<\/p>\n<p>        Imamoglu k\u00f6nnte zu mehr als 2.000 Jahren Haft verurteilt werden        <\/p>\n<p class=\"paragraph article__item\">Imamoglu war im M\u00e4rz 2025 unter Terror- und Korruptionsvorw\u00fcrfen festgenommen und als B\u00fcrgermeister abgesetzt worden. Der staatlichen Nachrichtenagentur Anadolu zufolge k\u00f6nnte er zu mehr als 2.000 Jahren Haft verurteilt werden. Ihm werden unter anderem die Gr\u00fcndung und Leitung einer kriminellen Vereinigung sowie Bestechung und Geldw\u00e4sche vorgeworfen. Menschenrechtsorganisationen und Kritiker werten den Prozess als politisch motiviert. Verhaftung und Absetzung l\u00f6sten eine landesweite Protestwelle aus.\n<\/p>\n<p class=\"paragraph article__item\">\u00a9 dpa-infocom, dpa:260430-930-16302\/1<\/p>\n","protected":false},"excerpt":{"rendered":"Die Frau des seit mehr als einem Jahr inhaftierten t\u00fcrkischen Oppositionspolitikers Ekrem Imamoglu, Dilek Imamoglu, fordert von der&hellip;\n","protected":false},"author":2,"featured_media":20911,"comment_status":"","ping_status":"","sticky":false,"template":"","format":"standard","meta":{"footnotes":""},"categories":[4],"tags":[10600,21,22,2919,10240,144,10594,1986,10599],"class_list":["post-20910","post","type-post","status-publish","format-standard","has-post-thumbnail","category-eu","tag-ekrem-imamoglu","tag-eu","tag-europaeische-union","tag-freiheit","tag-ludwig-erhard-gipfel","tag-news","tag-tegernsee","tag-tuerkei","tag-wolfram-weimer"],"_links":{"self":[{"href":"https:\/\/www.europesays.com\/europa\/wp-json\/wp\/v2\/posts\/20910","targetHints":{"allow":["GET"]}}],"collection":[{"href":"https:\/\/www.europesays.com\/europa\/wp-json\/wp\/v2\/posts"}],"about":[{"href":"https:\/\/www.europesays.com\/europa\/wp-json\/wp\/v2\/types\/post"}],"author":[{"embeddable":true,"href":"https:\/\/www.europesays.com\/europa\/wp-json\/wp\/v2\/users\/2"}],"replies":[{"embeddable":true,"href":"https:\/\/www.europesays.com\/europa\/wp-json\/wp\/v2\/comments?post=20910"}],"version-history":[{"count":0,"href":"https:\/\/www.europesays.com\/europa\/wp-json\/wp\/v2\/posts\/20910\/revisions"}],"wp:featuredmedia":[{"embeddable":true,"href":"https:\/\/www.europesays.com\/europa\/wp-json\/wp\/v2\/media\/20911"}],"wp:attachment":[{"href":"https:\/\/www.europesays.com\/europa\/wp-json\/wp\/v2\/media?parent=20910"}],"wp:term":[{"taxonomy":"category","embeddable":true,"href":"https:\/\/www.europesays.com\/europa\/wp-json\/wp\/v2\/categories?post=20910"},{"taxonomy":"post_tag","embeddable":true,"href":"https:\/\/www.europesays.com\/europa\/wp-json\/wp\/v2\/tags?post=20910"}],"curies":[{"name":"wp","href":"https:\/\/api.w.org\/{rel}","templated":true}]}}