{"id":24745,"date":"2026-05-06T14:49:41","date_gmt":"2026-05-06T14:49:41","guid":{"rendered":"https:\/\/www.europesays.com\/europa\/24745\/"},"modified":"2026-05-06T14:49:41","modified_gmt":"2026-05-06T14:49:41","slug":"kulturstaatsminister-weimer-froh-ueber-israels-teilnahme-an-esc-in-wien","status":"publish","type":"post","link":"https:\/\/www.europesays.com\/europa\/24745\/","title":{"rendered":"Kulturstaatsminister Weimer froh \u00fcber Israels Teilnahme an ESC in Wien"},"content":{"rendered":"<p class=\"mb-4 text-lg md:leading-8 break-words\">Kulturstaatsminister Wolfram Weimer (parteilos) reist auch zur Unterst\u00fctzung Israels zum Eurovision Song Contest (ESC) nach Wien. &#8222;Ich bin froh, dass Israel nun singen darf, und fahre deshalb nach Wien und freue mich auf das Event&#8220;, sagte Weimer der &#8222;Augsburger Allgemeinen&#8220; vom Mittwoch. Der deutschen Kandidatin Sarah Engels w\u00fcnsche er, dass sie &#8222;einen guten vorderen Platz&#8220; belege &#8211; auch wenn in den Wettquoten die Skandinavier vorn l\u00e4gen.<\/p>\n<p class=\"mb-4 text-lg md:leading-8 break-words\">Wegen der Teilnahme Israels boykottieren in diesem Jahr die Niederlande, Spanien, Irland, Slowenien und Island den ESC. Damit schicken in der kommenden Woche nur Sendeanstalten aus 35 L\u00e4ndern Beitr\u00e4ge zur 70. Ausgabe des Musikwettbewerbs nach Wien.<\/p>\n<p class=\"mb-4 text-lg md:leading-8 break-words\">Es ist der umfassendste Boykott in der Geschichte des Wettbewerbs. Anlass f\u00fcr die Debatte ist der israelische Milit\u00e4reinsatz im Gazastreifen als Reaktion auf den Angriff der islamistischen Pal\u00e4stinenserorganisation Hamas auf Israel am 7. Oktober 2023.<\/p>\n<p class=\"mb-4 text-lg md:leading-8 break-words\">Der Boykottaufruf habe ihn geschmerzt, sagte Weimer. Deshalb habe er sich fr\u00fch daf\u00fcr engagiert, dass der israelische S\u00e4nger Noam Bettan singen d\u00fcrfe, und das Anliegen &#8222;auf die h\u00f6chste politische Ebene gebracht&#8220;.<\/p>\n<p class=\"mb-4 text-lg md:leading-8 break-words\">Er selbst habe eine Schw\u00e4che f\u00fcr modernen Fado und Latinopop, weil er in Portugal aufgewachsen sei und zeitweise in Spanien gelebt habe, sagte Weimer. &#8222;Aber insgesamt bin ich ein ziemlicher Mainstreamer \u2013 ich h\u00f6re alles, was gerade in den Charts ist&#8220;.<\/p>\n<p class=\"mb-4 text-lg md:leading-8 break-words\">wik\/cfm<\/p>\n","protected":false},"excerpt":{"rendered":"Kulturstaatsminister Wolfram Weimer (parteilos) reist auch zur Unterst\u00fctzung Israels zum Eurovision Song Contest (ESC) nach Wien. &#8222;Ich bin&hellip;\n","protected":false},"author":2,"featured_media":24746,"comment_status":"","ping_status":"","sticky":false,"template":"","format":"standard","meta":{"footnotes":""},"categories":[11172],"tags":[11173,11174,10599],"class_list":["post-24745","post","type-post","status-publish","format-standard","has-post-thumbnail","category-eurovision","tag-eurovision","tag-eurovision-song-contest-2026","tag-wolfram-weimer"],"_links":{"self":[{"href":"https:\/\/www.europesays.com\/europa\/wp-json\/wp\/v2\/posts\/24745","targetHints":{"allow":["GET"]}}],"collection":[{"href":"https:\/\/www.europesays.com\/europa\/wp-json\/wp\/v2\/posts"}],"about":[{"href":"https:\/\/www.europesays.com\/europa\/wp-json\/wp\/v2\/types\/post"}],"author":[{"embeddable":true,"href":"https:\/\/www.europesays.com\/europa\/wp-json\/wp\/v2\/users\/2"}],"replies":[{"embeddable":true,"href":"https:\/\/www.europesays.com\/europa\/wp-json\/wp\/v2\/comments?post=24745"}],"version-history":[{"count":0,"href":"https:\/\/www.europesays.com\/europa\/wp-json\/wp\/v2\/posts\/24745\/revisions"}],"wp:featuredmedia":[{"embeddable":true,"href":"https:\/\/www.europesays.com\/europa\/wp-json\/wp\/v2\/media\/24746"}],"wp:attachment":[{"href":"https:\/\/www.europesays.com\/europa\/wp-json\/wp\/v2\/media?parent=24745"}],"wp:term":[{"taxonomy":"category","embeddable":true,"href":"https:\/\/www.europesays.com\/europa\/wp-json\/wp\/v2\/categories?post=24745"},{"taxonomy":"post_tag","embeddable":true,"href":"https:\/\/www.europesays.com\/europa\/wp-json\/wp\/v2\/tags?post=24745"}],"curies":[{"name":"wp","href":"https:\/\/api.w.org\/{rel}","templated":true}]}}