{"id":30050,"date":"2026-05-12T16:27:19","date_gmt":"2026-05-12T16:27:19","guid":{"rendered":"https:\/\/www.europesays.com\/europa\/30050\/"},"modified":"2026-05-12T16:27:19","modified_gmt":"2026-05-12T16:27:19","slug":"weimer-faehrt-fuer-israels-song-contest-auftritt-nach-wien-panorama-2","status":"publish","type":"post","link":"https:\/\/www.europesays.com\/europa\/30050\/","title":{"rendered":"Weimer f\u00e4hrt f\u00fcr Israels Song-Contest-Auftritt nach Wien &#8211; Panorama"},"content":{"rendered":"<p class=\"rhp-dpa-teaser\">Israel tritt beim Eurovision Song Contest 2026 an, trotz Kritik. Der deutsche Kulturstaatsminister hatte sich daf\u00fcr starkgemacht &#8211; und will selbst vor Ort unterst\u00fctzen.<\/p>\n<p><a class=\"rtr-entity\" data-rtr-entity=\"Br\u00fcssel\" data-rtr-id=\"707594eedbbfec71b0c1f03f111fc5f242375e2c\" data-rtr-score=\"14.976863753213369\" data-rtr-etype=\"location\" data-rtr-index=\"7\" href=\"https:\/\/www.rheinpfalz.de\/themen\/bruessel?utm_source=rheinpfalz.de&amp;utm_medium=tms&amp;utm_campaign=intext\" rel=\"nofollow noopener\" target=\"_blank\">Br\u00fcssel<\/a> (dpa) &#8211; <a class=\"rtr-entity\" data-rtr-entity=\"Israel\" data-rtr-id=\"a537331d3168d4badd76b41b8f08e1bb5f95ea6a\" data-rtr-score=\"227.25809768637532\" data-rtr-etype=\"location\" data-rtr-index=\"11\" href=\"https:\/\/www.rheinpfalz.de\/themen\/israel?utm_source=rheinpfalz.de&amp;utm_medium=tms&amp;utm_campaign=intext\" rel=\"nofollow noopener\" target=\"_blank\">Israel<\/a> tritt trotz Kritik beim <a class=\"rtr-entity\" data-rtr-entity=\"Eurovision Song Contest\" data-rtr-id=\"f275350514a0b5374353e2c12f18f84786e1d3b7\" data-rtr-score=\"49.688946015424165\" data-rtr-etype=\"event\" data-rtr-index=\"0\" href=\"https:\/\/www.rheinpfalz.de\/themen\/eurovision-song-contest?utm_source=rheinpfalz.de&amp;utm_medium=tms&amp;utm_campaign=intext\" rel=\"nofollow noopener\" target=\"_blank\">Eurovision Song Contest<\/a> (ESC) an &#8211; und Kulturstaatsminister Wolfram Weimer (parteilos) will dabei sein. \u00abEs ist kein Ort, wo politische Dinge in dieser Dimension eine Rolle spielen sollten\u00bb, sagte Weimer in Br\u00fcssel am Rande eines Treffens der europ\u00e4ischen Kulturminister \u00fcber den Musikwettbewerb. Er sei sehr froh, dass Israel singen d\u00fcrfe und fahre deshalb nach <a class=\"rtr-entity\" data-rtr-entity=\"Wien\" data-rtr-id=\"6da3adf0bb69d1c61f3c717d23d7418772ecb8b6\" data-rtr-score=\"23.629820051413883\" data-rtr-etype=\"location\" data-rtr-index=\"21\" href=\"https:\/\/www.rheinpfalz.de\/themen\/wien?utm_source=rheinpfalz.de&amp;utm_medium=tms&amp;utm_campaign=intext\" rel=\"nofollow noopener\" target=\"_blank\">Wien<\/a>, um sich auch den israelischen S\u00e4nger anzuh\u00f6ren.<\/p>\n<p>Noam Bettan singt f\u00fcr Israel den Popsong \u00abMichelle\u00bb. F\u00fcr Deutschland geht Sarah Engels mit dem Lied \u00abFire\u00bbins Rennen &#8211; ihren Beitrag erw\u00e4hnte Weimer in seinem kurzen Statement am Rande des Treffens der Kulturminister vor Journalisten und Journalistinnen nicht. In einem heute bei ntv ver\u00f6ffentlichten Interview sagte er, dass ihm Engels&#8216; Energie, Begeisterung f\u00fcr Musik und lebensfrohe Lust an der Show gefalle. \u00abBei den Wettquoten ist sie ja eher im Mittelfeld, aber ich hoffe, sie wird gut abschneiden!\u00bb Beim ESC entsenden die \u00f6ffentlich-rechtlichen Sender eine Musikgruppe, einen K\u00fcnstler oder eine K\u00fcnstlerin f\u00fcr ihr Land.<\/p>\n<p>Ausschluss wurde diskutiert<\/p>\n<p>Mehrere L\u00e4nder, darunter Spanien und die Niederlande, boykottieren den ESC in diesem Jahr als Reaktion auf das Vorgehen Israels im Gazastreifen nach dem Hamas-Massaker am 7. Oktober 2023 in Israel. Es wird zudem mit Protesten und St\u00f6raktionen gerechnet. Zuvor war diskutiert worden, ob Israel ausgeschlossen wird. Die Mitgliedssender der Europ\u00e4ischen Rundfunkunion (EBU) entschlossen sich aber im Dezember dagegen.<\/p>\n<p>Weimer hatte sich daf\u00fcr eingesetzt, dass Israel teilnehmen kann. Die Sender seien autonom, aber er sei froh, dass sich am Ende eine deutliche Mehrheit \u00abf\u00fcr die Offenheit, f\u00fcr die Toleranz und f\u00fcr das einigende Band der Musik\u00bb entschieden habe, sagte Weimer. Das Interesse am ESC sei gewaltig. \u00abIch glaube, wir k\u00f6nnen uns auf einen ESC freuen, der ein ganz gro\u00dfes Musikfest ist.\u00bb<\/p>\n","protected":false},"excerpt":{"rendered":"Israel tritt beim Eurovision Song Contest 2026 an, trotz Kritik. Der deutsche Kulturstaatsminister hatte sich daf\u00fcr starkgemacht &#8211;&hellip;\n","protected":false},"author":2,"featured_media":30051,"comment_status":"","ping_status":"","sticky":false,"template":"","format":"standard","meta":{"footnotes":""},"categories":[11172],"tags":[84,82,8002,21,6,11173,11176,11174,4204,322,159,522,1645,266,11198,7116,694,10599],"class_list":["post-30050","post","type-post","status-publish","format-standard","has-post-thumbnail","category-eurovision","tag-bruessel","tag-deutschland","tag-dpaticker","tag-eu","tag-europa","tag-eurovision","tag-eurovision-song-contest","tag-eurovision-song-contest-2026","tag-fernsehen","tag-israel","tag-medien","tag-meldung","tag-musik","tag-oesterreich","tag-sarah-engels","tag-vermischtes","tag-wien","tag-wolfram-weimer"],"_links":{"self":[{"href":"https:\/\/www.europesays.com\/europa\/wp-json\/wp\/v2\/posts\/30050","targetHints":{"allow":["GET"]}}],"collection":[{"href":"https:\/\/www.europesays.com\/europa\/wp-json\/wp\/v2\/posts"}],"about":[{"href":"https:\/\/www.europesays.com\/europa\/wp-json\/wp\/v2\/types\/post"}],"author":[{"embeddable":true,"href":"https:\/\/www.europesays.com\/europa\/wp-json\/wp\/v2\/users\/2"}],"replies":[{"embeddable":true,"href":"https:\/\/www.europesays.com\/europa\/wp-json\/wp\/v2\/comments?post=30050"}],"version-history":[{"count":0,"href":"https:\/\/www.europesays.com\/europa\/wp-json\/wp\/v2\/posts\/30050\/revisions"}],"wp:featuredmedia":[{"embeddable":true,"href":"https:\/\/www.europesays.com\/europa\/wp-json\/wp\/v2\/media\/30051"}],"wp:attachment":[{"href":"https:\/\/www.europesays.com\/europa\/wp-json\/wp\/v2\/media?parent=30050"}],"wp:term":[{"taxonomy":"category","embeddable":true,"href":"https:\/\/www.europesays.com\/europa\/wp-json\/wp\/v2\/categories?post=30050"},{"taxonomy":"post_tag","embeddable":true,"href":"https:\/\/www.europesays.com\/europa\/wp-json\/wp\/v2\/tags?post=30050"}],"curies":[{"name":"wp","href":"https:\/\/api.w.org\/{rel}","templated":true}]}}