{"id":48097,"date":"2026-06-09T03:48:23","date_gmt":"2026-06-09T03:48:23","guid":{"rendered":"https:\/\/www.europesays.com\/europa\/48097\/"},"modified":"2026-06-09T03:48:23","modified_gmt":"2026-06-09T03:48:23","slug":"europaeische-mobilitaetswoche-umweltbundesamt-2","status":"publish","type":"post","link":"https:\/\/www.europesays.com\/europa\/48097\/","title":{"rendered":"Europ\u00e4ische Mobilit\u00e4tswoche | Umweltbundesamt"},"content":{"rendered":"<p>Neue M\u00f6glichkeiten f\u00fcr Kommunen: Wie nutzen Sie die novellierte StVO in der Praxis?<br \/>Teilen Sie Ihre Erfahrungen und <a href=\"https:\/\/difu2.limequery.com\/598228\" rel=\"nofollow noopener\" target=\"_blank\">nehmen Sie jetzt an der Befragung teil<\/a>!\u00a0<\/p>\n<p>Die EUROP\u00c4ISCHE MOBILIT\u00c4TSWOCHE in Deutschland nimmt wieder Fahrt auf. Damit Sie als Kommune oder interessierte Organisation bei der weltweit gr\u00f6\u00dften Kampagne f\u00fcr nachhaltige Mobilit\u00e4t mitmachen k\u00f6nnen, sind auf dieser Seite alle relevanten Informationen kurz zusammengestellt:<\/p>\n<p>Die EUROP\u00c4ISCHE MOBILIT\u00c4TSWOCHE findet jedes Jahr vom 16.-22. September statt.<\/p>\n<p>Schnell informiert: <a href=\"https:\/\/www.youtube.com\/watch?v=clxuQKNn2ms\" target=\"_blank\" rel=\"nofollow noopener\">EUROP\u00c4ISCHE MOBILIT\u00c4TSWOCHE in 90 Sekunden<\/a><\/p>\n<p>EUROP\u00c4ISCHE MOBILIT\u00c4TSWOCHE \u2013 Was ist das?<\/p>\n<p>Die EUROP\u00c4ISCHE MOBILIT\u00c4TSWOCHE ist eine Kampagne der Europ\u00e4ischen Kommission. Seit 2002 bietet sie Kommunen aus ganz Europa die perfekte M\u00f6glichkeit, ihren B\u00fcrgerinnen und B\u00fcrgern die komplette Bandbreite nachhaltiger Mobilit\u00e4t vor Ort n\u00e4her zu bringen. Jedes Jahr, immer vom 16. bis 22. September, werden im Rahmen der EUROP\u00c4ISCHEN MOBILIT\u00c4TSWOCHE innovative Verkehrsl\u00f6sungen ausprobiert oder mit kreativen Ideen f\u00fcr eine nachhaltige Mobilit\u00e4t in den Kommunen geworben: So werden beispielsweise Parkpl\u00e4tze und Stra\u00dfenraum umgenutzt, neue Fu\u00df- und Radwege eingeweiht, Elektro-Fahrzeuge getestet, Schulwettbewerbe ins Leben gerufen und Aktionen f\u00fcr mehr <a href=\"http:\/\/www.umweltbundesamt.de\/service\/glossar\/klimaschutz\" data-title=\"Auch Mitigation; bezeichnet alle auf die Begrenzung der globalen Erw\u00e4rmung gerichteten Ma\u00dfnahmen, das hei\u00dft vor allem Ma\u00dfnahmen zur Minderung der durch menschliches Handeln verursachten Treibhausgas-Emissionen.Quelle: BMU (2013): Energiewende A-Z\" class=\"tw-relative tw-text-web-text tw-underline tw-decoration-dotted tw-font-[inherit] after:tw-absolute after:tw-content-[attr(data-title)] after:tw-border after:tw-border-uba-blue after:tw-bg-white after:tw-text-web-text after:tw-text-lg after:tw-p-5 after:tw-w-max after:tw-max-w-xl after:tw-hidden md:focus:after:tw-block md:hover:after:tw-block hover:after:tw-text-web-text after:tw-top-full after:tw-left-1\/2 after:tw--translate-x-1\/2 after:tw-z-10 glossify-tooltip-link no-indicator hover:tw-text-web-linkblue \" rel=\"nofollow noopener\" target=\"_blank\">Klimaschutz<\/a> im Verkehr durchgef\u00fchrt. Dadurch zeigen Kommunen und ihre B\u00fcrgerinnen und B\u00fcrger, dass nachhaltige Mobilit\u00e4t m\u00f6glich ist, Spa\u00df macht und praktisch gelebt werden kann.<\/p>\n<p>Wie kann ich mitmachen?<\/p>\n<p>Jede Kommune in Deutschland kann mitmachen \u2013 ganz gleich welcher Gr\u00f6\u00dfe. Entscheidend bei der EUROP\u00c4ISCHEN MOBILIT\u00c4TSWOCHE ist nur, sich f\u00fcr nachhaltige Mobilit\u00e4t einsetzen zu wollen. Weitere Informationen finden Sie unter dem Men\u00fcpunkt\u00a0<a href=\"http:\/\/www.umweltbundesamt.de\/node\/43420\" rel=\"nofollow noopener\" target=\"_blank\">Registrierung<\/a>. In diesem Jahr k\u00f6nnen sich auch Unternehmen und Organisationen aus Deutschland f\u00fcr die EUROP\u00c4ISCHE MOBILIT\u00c4TSWOCHE registrieren und so zeigen, wie sie sich f\u00fcr nachhaltige Mobilit\u00e4t engagieren.<\/p>\n<p>Gibt es inhaltliche Schwerpunkte bei der EMW?<\/p>\n<p>Die EUROP\u00c4ISCHE\u00a0MOBILIT\u00c4TSWOCHE steht allgemein und dauerhaft unter dem Motto \u201eMix and Move! \u2013 klimafreundlich mobil\u201c. Dar\u00fcber hinaus legt die EU-Kommission ein j\u00e4hrliches Thema f\u00fcr die EMW fest. Dieses lenkt die Aufmerksamkeit auf einen bestimmten Aspekt nachhaltiger Mobilit\u00e4t und gibt damit zus\u00e4tzliche Impulse und Inspirationen f\u00fcr die Gestaltung der EMW vor Ort. Das Jahresthema ist jedoch nicht bindend, sondern dient lediglich als Anregung. Dabei kann es auch neue (ungewohnte) Perspektiven und breitere Interpretationsm\u00f6glichkeiten zu nachhaltiger Mobilit\u00e4t aufzeigen. Letztendlich liegt es allein bei den Kommunen und Akteuren, mit welchen Aktionen, Veranstaltungen und Ma\u00dfnahmen sie sich im Rahmen der EMW f\u00fcr nachhaltige Mobilit\u00e4t vor Ort engagieren. Wichtig ist es, mit Spa\u00df und Kreativit\u00e4t viele Menschen zu erreichen, f\u00fcr die Thematik zu sensibilisieren und zum Nachdenken und Mitmachen zu motivieren.<\/p>\n<p>Wen kann ich kontaktieren?<\/p>\n<p>Das Umweltbundesamt hat am 01.01.2016 die Nationale Koordinierungsstelle der EUROP\u00c4ISCHEN MOBILIT\u00c4TSWOCHE \u00fcbernommen und unterst\u00fctzt seither deutsche Kommunen tatkr\u00e4ftig bei ihrer Umsetzung. Konkret bietet die Nationale Koordinierungsstelle fachliche Hilfestellungen, informative Online Seminare, verschiedene Netzwerkveranstaltungen, hilfreiche Designvorlagen, Materialien und ist zentrale Anlaufstelle f\u00fcr alle Fragen rund um die EUROP\u00c4ISCHE MOBILIT\u00c4TSWOCHE und nachhaltige Mobilit\u00e4t.<\/p>\n<p>Unter dem Men\u00fcpunkt\u00a0<a href=\"http:\/\/www.umweltbundesamt.de\/node\/49208\" rel=\"nofollow noopener\" target=\"_blank\">FAQ\u00a0<\/a>\u00a0werden weitere h\u00e4ufig gestellte Fragen zur EUROP\u00c4ISCHEN MOBILIT\u00c4TSWOCHE beantwortet und auch unser <a href=\"http:\/\/www.umweltbundesamt.de\/node\/56501\" rel=\"nofollow noopener\" target=\"_blank\">Kurzvideo<\/a> fasst das Wichtigste in 90 Sekunden zusammen.<\/p>\n<p>Mit Ihren Anliegen k\u00f6nnen Sie sich jederzeit an die Nationale Koordinierungsstelle wenden. Wir freuen uns darauf, von Ihnen zu h\u00f6ren.<\/p>\n<p>Nationale Koordinierungsstelle der EUROP\u00c4ISCHEN MOBILIT\u00c4TSWOCHE im\u00a0Umweltbundesamt\u00a0<\/p>\n<p>Tel.: 0340 2103-2208<br \/>emw@uba.de<\/p>\n","protected":false},"excerpt":{"rendered":"Neue M\u00f6glichkeiten f\u00fcr Kommunen: Wie nutzen Sie die novellierte StVO in der Praxis?Teilen Sie Ihre Erfahrungen und nehmen&hellip;\n","protected":false},"author":2,"featured_media":48098,"comment_status":"","ping_status":"","sticky":false,"template":"","format":"standard","meta":{"footnotes":""},"categories":[3],"tags":[949,943,947,333,13,14,152,945,231,948,944,358,946,950,359,941,940,609,942],"class_list":["post-48097","post","type-post","status-publish","format-standard","has-post-thumbnail","category-europa","tag-abfall","tag-boden","tag-chemikalien","tag-energie","tag-europaeisch","tag-europaeische","tag-gesundheit","tag-klimaschutz","tag-landwirtschaft","tag-laerm","tag-luft","tag-nachhaltigkeit","tag-ressourcen","tag-technischer-umweltschutz","tag-umwelt","tag-umweltbundesamt","tag-umweltschutz","tag-verkehr","tag-wasser"],"_links":{"self":[{"href":"https:\/\/www.europesays.com\/europa\/wp-json\/wp\/v2\/posts\/48097","targetHints":{"allow":["GET"]}}],"collection":[{"href":"https:\/\/www.europesays.com\/europa\/wp-json\/wp\/v2\/posts"}],"about":[{"href":"https:\/\/www.europesays.com\/europa\/wp-json\/wp\/v2\/types\/post"}],"author":[{"embeddable":true,"href":"https:\/\/www.europesays.com\/europa\/wp-json\/wp\/v2\/users\/2"}],"replies":[{"embeddable":true,"href":"https:\/\/www.europesays.com\/europa\/wp-json\/wp\/v2\/comments?post=48097"}],"version-history":[{"count":0,"href":"https:\/\/www.europesays.com\/europa\/wp-json\/wp\/v2\/posts\/48097\/revisions"}],"wp:featuredmedia":[{"embeddable":true,"href":"https:\/\/www.europesays.com\/europa\/wp-json\/wp\/v2\/media\/48098"}],"wp:attachment":[{"href":"https:\/\/www.europesays.com\/europa\/wp-json\/wp\/v2\/media?parent=48097"}],"wp:term":[{"taxonomy":"category","embeddable":true,"href":"https:\/\/www.europesays.com\/europa\/wp-json\/wp\/v2\/categories?post=48097"},{"taxonomy":"post_tag","embeddable":true,"href":"https:\/\/www.europesays.com\/europa\/wp-json\/wp\/v2\/tags?post=48097"}],"curies":[{"name":"wp","href":"https:\/\/api.w.org\/{rel}","templated":true}]}}