{"id":49607,"date":"2026-06-10T23:54:12","date_gmt":"2026-06-10T23:54:12","guid":{"rendered":"https:\/\/www.europesays.com\/europa\/49607\/"},"modified":"2026-06-10T23:54:12","modified_gmt":"2026-06-10T23:54:12","slug":"die-europaeische-luftfahrtindustrie-setzt-aufgrund-der-energiekrise-auf-hybrid-elektroflugzeuge","status":"publish","type":"post","link":"https:\/\/www.europesays.com\/europa\/49607\/","title":{"rendered":"Die europ\u00e4ische Luftfahrtindustrie setzt aufgrund der Energiekrise auf Hybrid-Elektroflugzeuge."},"content":{"rendered":"<p>Die durch die Spannungen im Nahen Osten ausgel\u00f6ste Energiekrise veranlasst die europ\u00e4ische Luftfahrtindustrie, ihre Suche nach L\u00f6sungen zur Verringerung ihrer Abh\u00e4ngigkeit von fossilen Brennstoffen zu beschleunigen.<\/p>\n<p> In diesem Zusammenhang werden die Elektrifizierung und die Entwicklung von Hybrid-Elektroflugzeugen als vielversprechende Wege gesehen, den Treibstoffverbrauch in der Luftfahrt zu reduzieren und gleichzeitig den europ\u00e4ischen Herstellern zu helfen, ihren Wettbewerbsvorteil gegen\u00fcber dem Aufstieg Chinas zu wahren.<\/p>\n<p> Laut La Tribune unterstreicht der starke Anstieg der Kerosinpreise in den letzten Monaten einmal mehr die starke Abh\u00e4ngigkeit der globalen Luftfahrtindustrie vom \u00d6l.<\/p>\n<p> Die Instabilit\u00e4t im Nahen Osten, einer Region, die einen Gro\u00dfteil <a class=\"data-link\" data-org-href=\"https:\/\/www.vietnam.vn\/category\/the-gioi\" href=\"https:\/\/www.vietnam.vn\/category\/the-gioi\" title=\"Welt\" target=\"_blank\" rel=\"nofollow noopener\">der weltweiten<\/a> Energie liefert, hat Besorgnis \u00fcber m\u00f6gliche Lieferengp\u00e4sse und steigende Betriebskosten f\u00fcr Fluggesellschaften hervorgerufen.<\/p>\n<p> Der franz\u00f6sische Flugzeughersteller Aura Aero mit Sitz in Toulouse, einem der gr\u00f6\u00dften Luftfahrtzentren Europas, entwickelt die ERA, ein 19-sitziges Regionalflugzeug mit hybridelektrischem Antrieb. Das Unternehmen plant, das Flugzeug bis 2028 in den kommerziellen Betrieb zu nehmen.<\/p>\n<p> Ein bemerkenswerter Fortschritt f\u00fcr den Trend zu Elektroflugzeugen erfolgte Anfang 2025, als die Europ\u00e4ische Agentur f\u00fcr Flugsicherheit (EASA) erstmals einen elektrischen Flugzeugmotor zertifizierte.<\/p>\n<p>Das k\u00f6nnte Sie interessieren<\/p>\n<p><a href=\"https:\/\/www.vietnam.vn\/de\/canada-tung-goi-tin-dung-ho-tro-hang-khong-truoc-cu-soc-nhien-lieu\" style=\"flex-shrink:0\" rel=\"nofollow noopener\" target=\"_blank\"><img alt=\"Kanada startet Hilfskreditpaket f\u00fcr Fluggesellschaften angesichts des Treibstoffpreisschocks.\" loading=\"lazy\" width=\"192\" height=\"108\" decoding=\"async\" data-nimg=\"1\" style=\"color:transparent;object-fit:cover;border-radius:4px;display:block;width:192px;height:108px;flex-shrink:0\" src=\"https:\/\/www.europesays.com\/europa\/wp-content\/uploads\/2026\/06\/1780976474047_san-bay-pearson-ontario-canada-reuters.jpeg\"\/><\/a><a href=\"https:\/\/www.vietnam.vn\/de\/canh-bao-cu-soc-thieu-hut-nhien-lieu-tren-toan-cau-trong-mua-he\" style=\"flex-shrink:0\" rel=\"nofollow noopener\" target=\"_blank\"><img alt=\"Warnung vor einem globalen Treibstoffengpass in diesem Sommer.\" loading=\"lazy\" width=\"192\" height=\"108\" decoding=\"async\" data-nimg=\"1\" style=\"color:transparent;object-fit:cover;border-radius:4px;display:block;width:192px;height:108px;flex-shrink:0\" src=\"https:\/\/www.europesays.com\/europa\/wp-content\/uploads\/2026\/06\/1780113931514_ttxvn-xung-dot-tai-trung-dong-han-quoc-xu-ly-manh-tay-tram-xang-dau-vi-pham-he-thong-g.webp\"\/><\/a><a href=\"https:\/\/www.vietnam.vn\/de\/canh-bao-cu-soc-thieu-hut-nhien-lieu-tren-toan-cau-trong-mua-he\" class=\"font-inter-body v-link-title line-clamp-4\" rel=\"nofollow noopener\" target=\"_blank\">Warnung vor einem globalen Treibstoffengpass in diesem Sommer.<\/a>Der IWF, die Weltbank und die IEA warnen davor, dass die Welt in diesem Sommer mit einem Treibstoffmangel konfrontiert sein k\u00f6nnte, wenn die Schifffahrtswege durch die Stra\u00dfe von Hormuz angesichts der eskalierenden Konflikte im Nahen Osten nicht bald wiederhergestellt werden.<a href=\"https:\/\/www.vietnam.vn\/de\/vietnam-airlines-group-tang-tai-dip-he-mo-ban-gan-5-5-trieu-ghe-noi-dia\" style=\"flex-shrink:0\" rel=\"nofollow noopener\" target=\"_blank\"><img alt=\"Die Vietnam Airlines Group erh\u00f6ht ihre Kapazit\u00e4t f\u00fcr den Sommer und bietet fast 5,5 Millionen Inlandsflugtickets zum Verkauf an.\" loading=\"lazy\" width=\"192\" height=\"108\" decoding=\"async\" data-nimg=\"1\" style=\"color:transparent;object-fit:cover;border-radius:4px;display:block;width:192px;height:108px;flex-shrink:0\" src=\"https:\/\/www.europesays.com\/europa\/wp-content\/uploads\/2026\/06\/1780902931985_ndo_br_2-hang-khuyen-khich-hanh-khach-dat-ve-som-va-linh-hoat-chon-chuyen-sang-som-hoa.webp\"\/><\/a><\/p>\n<p> Der von Safran Electrical &amp; Power entwickelte Engineus 100-Motor kann sowohl in kleinen Hybridflugzeugen als auch in Senkrechtstart- und Landeflugzeugen (VTOL) der n\u00e4chsten Generation eingesetzt werden. Dies gilt als bedeutender Meilenstein f\u00fcr die europ\u00e4ische Luftfahrtindustrie auf ihrem Weg zu emissions\u00e4rmeren Technologien.<\/p>\n<p> Statt jedoch in naher Zukunft vollelektrische Flugzeuge anzustreben, konzentrieren sich die Hersteller nun auf hybridelektrische L\u00f6sungen.<\/p>\n<p> Experten zufolge k\u00f6nnen rein elektrische Flugzeuge aufgrund von Gewichtsbeschr\u00e4nkungen und begrenzter Batteriekapazit\u00e4t die Anforderungen f\u00fcr einen gro\u00dffl\u00e4chigen kommerziellen Betrieb noch nicht erf\u00fcllen. Daher werden bei Modellen wie dem ERA weiterhin konventionelle Triebwerke f\u00fcr den Gro\u00dfteil der Flugstrecke eingesetzt, w\u00e4hrend Elektromotoren nur zeitweise unterst\u00fctzend wirken. Dieses Modell eignet sich besonders f\u00fcr lange Regionalstrecken von 400 bis 800 km oder f\u00fcr den Kurzstrecken-Frachttransport. <\/p>\n<p> Airbus verfolgt einen \u00e4hnlichen Ansatz und erforscht die Integration von Batteriesystemen in eine neue Generation von Schmalrumpfflugzeugen, die die A320-Serie zwischen 2035 und 2040 ersetzen sollen.<\/p>\n<p> Laut Airbus kann die Kombination von Batterien und Elektromotoren den Treibstoffverbrauch von Flugzeugen um bis zu 5 % senken. Das elektrische System kann das Haupttriebwerk in bestimmten Betriebsphasen unterst\u00fctzen, wodurch der Bedarf an Strom aus den Triebwerken f\u00fcr den Betrieb der Bordausr\u00fcstung reduziert wird und die Rollbewegung auf Flugh\u00e4fen erleichtert wird.<\/p>\n<p> Obwohl die Treibstoffeinsparungen noch nicht erheblich sind, sehen Experten darin einen wichtigen Schritt im Fahrplan der Luftfahrtindustrie zur Reduzierung der CO\u2082-Emissionen. Langfristig erwarten die Hersteller, dass Fortschritte bei Batterie-, Brennstoffzellen- und Wasserstofftechnologien den Weg f\u00fcr emissionsarme oder emissionsfreie Flugzeuge ebnen werden.<\/p>\n<p>Das k\u00f6nnte Sie interessieren<\/p>\n<p> \u00dcber die Umweltziele hinaus ist der Wettlauf um die Elektrifizierung auch f\u00fcr die europ\u00e4ische Luftfahrtindustrie von strategischer Bedeutung. Viele Unternehmen bef\u00fcrchten, dass sich das Szenario der europ\u00e4ischen Automobilindustrie wiederholen k\u00f6nnte, wenn die Hersteller in der Region beim technologischen Wandel ins Hintertreffen geraten. <\/p>\n<p class=\"mb-0\"> Quelle: https:\/\/www.vietnamplus.vn\/nganh-hang-khong-chau-au-dat-cuoc-vao-may-bay-dien-lai-do-khung-hoang-nang-luong-post1115814.vnp<\/p>\n","protected":false},"excerpt":{"rendered":"Die durch die Spannungen im Nahen Osten ausgel\u00f6ste Energiekrise veranlasst die europ\u00e4ische Luftfahrtindustrie, ihre Suche nach L\u00f6sungen zur&hellip;\n","protected":false},"author":2,"featured_media":49608,"comment_status":"","ping_status":"","sticky":false,"template":"","format":"standard","meta":{"footnotes":""},"categories":[3],"tags":[13,14,10052,944,228],"class_list":["post-49607","post","type-post","status-publish","format-standard","has-post-thumbnail","category-europa","tag-europaeisch","tag-europaeische","tag-kraftstoff","tag-luft","tag-technologie"],"_links":{"self":[{"href":"https:\/\/www.europesays.com\/europa\/wp-json\/wp\/v2\/posts\/49607","targetHints":{"allow":["GET"]}}],"collection":[{"href":"https:\/\/www.europesays.com\/europa\/wp-json\/wp\/v2\/posts"}],"about":[{"href":"https:\/\/www.europesays.com\/europa\/wp-json\/wp\/v2\/types\/post"}],"author":[{"embeddable":true,"href":"https:\/\/www.europesays.com\/europa\/wp-json\/wp\/v2\/users\/2"}],"replies":[{"embeddable":true,"href":"https:\/\/www.europesays.com\/europa\/wp-json\/wp\/v2\/comments?post=49607"}],"version-history":[{"count":0,"href":"https:\/\/www.europesays.com\/europa\/wp-json\/wp\/v2\/posts\/49607\/revisions"}],"wp:featuredmedia":[{"embeddable":true,"href":"https:\/\/www.europesays.com\/europa\/wp-json\/wp\/v2\/media\/49608"}],"wp:attachment":[{"href":"https:\/\/www.europesays.com\/europa\/wp-json\/wp\/v2\/media?parent=49607"}],"wp:term":[{"taxonomy":"category","embeddable":true,"href":"https:\/\/www.europesays.com\/europa\/wp-json\/wp\/v2\/categories?post=49607"},{"taxonomy":"post_tag","embeddable":true,"href":"https:\/\/www.europesays.com\/europa\/wp-json\/wp\/v2\/tags?post=49607"}],"curies":[{"name":"wp","href":"https:\/\/api.w.org\/{rel}","templated":true}]}}