{"id":58613,"date":"2026-06-26T10:16:11","date_gmt":"2026-06-26T10:16:11","guid":{"rendered":"https:\/\/www.europesays.com\/europa\/58613\/"},"modified":"2026-06-26T10:16:11","modified_gmt":"2026-06-26T10:16:11","slug":"die-usa-warnen-davor-dass-sie-die-gaslieferungen-an-die-eu-unterbrechen-koennten","status":"publish","type":"post","link":"https:\/\/www.europesays.com\/europa\/58613\/","title":{"rendered":"Die USA warnen davor, dass sie die Gaslieferungen an die EU unterbrechen k\u00f6nnten."},"content":{"rendered":"<p class=\"pBody\"><img loading=\"lazy\" decoding=\"async\" class=\"iCenter\" style=\"width: 1200px; height: 675px;;cursor:pointer\" src=\"https:\/\/www.europesays.com\/europa\/wp-content\/uploads\/2026\/06\/1782466832264_368d5145048t11200l1-4444444444444.webp\" alt=\"Die USA warnen davor, dass sie die Gaslieferungen an die EU unterbrechen k\u00f6nnten.\" width=\"1200\" height=\"675\"\/><\/p>\n<p class=\"pCaption\"> <a class=\"data-link\" data-org-href=\"https:\/\/www.vietnam.vn\/tag\/my\" href=\"https:\/\/www.vietnam.vn\/tag\/my\" title=\"Amerika\" target=\"_blank\" rel=\"nofollow noopener\">US-<\/a> Energieminister Chris Wright. Foto: Bloomberg<\/p>\n<p class=\"pBody\"> In einem Interview mit Bloomberg am 25. Juni erkl\u00e4rte US-Energieminister Chris Wright, dass US-amerikanische LNG-Lieferungen \u201ein andere M\u00e4rkte abflie\u00dfen\u201c w\u00fcrden, falls die EU ihre derzeitigen Vorschriften nicht grundlegend reformiere. Wright warnte davor, dass die Beibehaltung der geplanten Regelungen Europa \u201eernsthaften Schaden\u201c zuf\u00fcgen w\u00fcrde, und argumentierte, dass diese unn\u00f6tig seien.<\/p>\n<p class=\"pBody\"> Dem EU-Plan zufolge m\u00fcssen ab 2027 in die EU importierte Erdgaslieferungen strenge Standards f\u00fcr die \u00dcberwachung, Berichterstattung und Verifizierung von Methanemissionen erf\u00fcllen, die den Anforderungen f\u00fcr Produzenten innerhalb der EU entsprechen. Br\u00fcssel argumentiert, dies sei eine notwendige Ma\u00dfnahme zur Reduzierung von Methanemissionen \u2013 einem der Treibhausgase mit starker Auswirkung auf den Klimawandel.<\/p>\n<p class=\"pBody\"> Die USA haben jedoch gemeinsam mit Katar, Algerien und Nigeria die EU aufgefordert, die Umsetzung dieser Verordnung zu \u00e4ndern oder zu verschieben. LNG-exportierende L\u00e4nder argumentieren, dass die Dimensionen der Gasf\u00f6rderung, der Pipelines und der Verarbeitungsanlagen in den USA es nahezu unm\u00f6glich machen, die Methanemissionen jeder einzelnen Exportlieferung genau zu messen. Sie f\u00fchren au\u00dferdem an, dass die mangelnde Klarheit bez\u00fcglich der Sanktionen den Anreiz mindert, langfristige Gasliefervertr\u00e4ge mit europ\u00e4ischen Kunden abzuschlie\u00dfen. <\/p>\n<p class=\"pBody\"><img loading=\"lazy\" decoding=\"async\" class=\"dthumb iCenter\" style=\"width: 1920px; height: 1080px;;cursor:pointer\" src=\"https:\/\/www.europesays.com\/europa\/wp-content\/uploads\/2026\/06\/1782466836539_368d5145348t11920l1-555555555556.webp\" alt=\"Die USA warnen davor, dass sie die Gaslieferungen an die EU unterbrechen k\u00f6nnten.\" width=\"1920\" height=\"1080\"\/><\/p>\n<p class=\"pCaption\"> Die USA warnen, dass sie die Erdgaslieferungen an die EU unterbrechen k\u00f6nnten. Foto: Inspenet<\/p>\n<p class=\"pBody\"> Auf EU-Seite wies Energiekommissar Dan J\u00f8rgensen Vorschl\u00e4ge zur Lockerung der Vorschriften zur\u00fcck und betonte, die EU werde sich nicht von Druck seitens der Energieversorger bei den Umweltstandards beeinflussen lassen. Es wird erwartet, dass die EU-Energieminister dieses Thema bei ihrem Treffen in Luxemburg weiter er\u00f6rtern werden.<\/p>\n<p class=\"pBody\"> Nach der Eskalation des Konflikts in <a class=\"data-link\" data-org-href=\"https:\/\/www.vietnam.vn\/tag\/ukraine\" href=\"https:\/\/www.vietnam.vn\/tag\/ukraine\" title=\"Ukraine\" target=\"_blank\" rel=\"nofollow noopener\">der Ukraine<\/a> im Jahr 2022 und der Verh\u00e4ngung von Sanktionen gegen Moskau ersetzte die EU Pipelinegas aus Russland weitgehend durch LNG-Importe aus den USA. Dadurch wurden die USA zum gr\u00f6\u00dften Gaslieferanten der EU, gleichzeitig erh\u00f6hte sich aber auch die Abh\u00e4ngigkeit des Blocks von Energielieferungen aus Washington. Vor diesem Hintergrund belasten neue Meinungsverschiedenheiten \u00fcber Umweltauflagen die Energiebeziehungen beider Seiten zus\u00e4tzlich.<\/p>\n<p class=\"pAuthor\"> Le Ha.<\/p>\n<p class=\"pSource\"> Quelle: Bloomberg, RT<\/p>\n<p class=\"mb-0\"> Quelle: https:\/\/baothanhhoa.vn\/my-canh-bao-co-the-cut-nguon-khi-dot-sang-eu-292431.htm<\/p>\n","protected":false},"excerpt":{"rendered":"US- Energieminister Chris Wright. Foto: Bloomberg In einem Interview mit Bloomberg am 25. Juni erkl\u00e4rte US-Energieminister Chris Wright,&hellip;\n","protected":false},"author":2,"featured_media":58614,"comment_status":"","ping_status":"","sticky":false,"template":"","format":"standard","meta":{"footnotes":""},"categories":[4],"tags":[20928,2464,333,21,22,2341,13040],"class_list":["post-58613","post","type-post","status-publish","format-standard","has-post-thumbnail","category-eu","tag-usa-warnt","tag-anbieter","tag-energie","tag-eu","tag-europaeische-union","tag-kontrolle","tag-neue-vorschriften"],"_links":{"self":[{"href":"https:\/\/www.europesays.com\/europa\/wp-json\/wp\/v2\/posts\/58613","targetHints":{"allow":["GET"]}}],"collection":[{"href":"https:\/\/www.europesays.com\/europa\/wp-json\/wp\/v2\/posts"}],"about":[{"href":"https:\/\/www.europesays.com\/europa\/wp-json\/wp\/v2\/types\/post"}],"author":[{"embeddable":true,"href":"https:\/\/www.europesays.com\/europa\/wp-json\/wp\/v2\/users\/2"}],"replies":[{"embeddable":true,"href":"https:\/\/www.europesays.com\/europa\/wp-json\/wp\/v2\/comments?post=58613"}],"version-history":[{"count":0,"href":"https:\/\/www.europesays.com\/europa\/wp-json\/wp\/v2\/posts\/58613\/revisions"}],"wp:featuredmedia":[{"embeddable":true,"href":"https:\/\/www.europesays.com\/europa\/wp-json\/wp\/v2\/media\/58614"}],"wp:attachment":[{"href":"https:\/\/www.europesays.com\/europa\/wp-json\/wp\/v2\/media?parent=58613"}],"wp:term":[{"taxonomy":"category","embeddable":true,"href":"https:\/\/www.europesays.com\/europa\/wp-json\/wp\/v2\/categories?post=58613"},{"taxonomy":"post_tag","embeddable":true,"href":"https:\/\/www.europesays.com\/europa\/wp-json\/wp\/v2\/tags?post=58613"}],"curies":[{"name":"wp","href":"https:\/\/api.w.org\/{rel}","templated":true}]}}