{"id":64022,"date":"2026-07-07T10:53:24","date_gmt":"2026-07-07T10:53:24","guid":{"rendered":"https:\/\/www.europesays.com\/europa\/64022\/"},"modified":"2026-07-07T10:53:24","modified_gmt":"2026-07-07T10:53:24","slug":"groesster-vulkan-europas-flughafen-catania-nach-ascheregen-von-aetna-wieder-in-betrieb","status":"publish","type":"post","link":"https:\/\/www.europesays.com\/europa\/64022\/","title":{"rendered":"Gr\u00f6\u00dfter Vulkan Europas: Flughafen Catania nach Ascheregen von \u00c4tna wieder in Betrieb"},"content":{"rendered":"<p class=\"paragraph article__item\">Nach der vor\u00fcbergehenden Sperrung wegen des Ascheregens am Vulkan \u00c4tna auf der italienischen Mittelmeerinsel Sizilien ist der Flugbetrieb am Flughafen <a class=\"rtr-entity\" href=\"https:\/\/www.zeit.de\/thema\/catania\" rel=\"nofollow noopener\" target=\"_blank\">Catania<\/a> wieder aufgenommen worden. Wie die Betreibergesellschaft SAC mitteilte, wurde die Warnstufe f\u00fcr die vulkanische Aktivit\u00e4t von Rot auf Orange herabgesetzt. Daraufhin seien Starts und Landungen mit sofortiger Wirkung wieder freigegeben worden.\n<\/p>\n<p>Aktuelles<\/p>\n<p>                <a href=\"https:\/\/www.zeit.de\/gesellschaft\/zeitgeschehen\/2026-06\/flughafen-muenchen-betrieb-eingestellt-feuer-polizei\" data-ct-label=\"Flughafen M\u00fcnchen: M\u00fcnchner Flughafen nimmt Betrieb nach Feueralarm wieder auf \" data-uuid=\"2b43c2f1-afac-4764-8faa-8e9c4ad3349f\" rel=\"nofollow noopener\" target=\"_blank\"><\/p>\n<p>                        Flughafen M\u00fcnchen:<br \/>\n                        M\u00fcnchner Flughafen nimmt Betrieb nach Feueralarm wieder auf <\/p>\n<p>                <\/a><\/p>\n<p>                <a href=\"https:\/\/www.zeit.de\/gesellschaft\/2026-06\/hamburger-flughafen-polizei-raeumung-sicherheitsbereich-gxe\" data-ct-label=\"Hamburg: Polizei gibt nach Sperrung von Flughafen-Sicherheitsbereich Entwarnung\" data-uuid=\"dccb8321-6632-4d1c-98e4-5f6e249f2c51\" rel=\"nofollow noopener\" target=\"_blank\"><\/p>\n<p>                        Hamburg:<br \/>\n                        Polizei gibt nach Sperrung von Flughafen-Sicherheitsbereich Entwarnung<\/p>\n<p>                <\/a><\/p>\n<p>                <a href=\"https:\/\/www.zeit.de\/politik\/deutschland\/2026-06\/abschiebung-afghanistan-charterflug-straftaeter-kabul-gxe\" data-ct-label=\"Abschiebungen: Deutschland schiebt 32 M\u00e4nner nach Afghanistan ab\" data-uuid=\"2a830b7f-7b2f-425e-9c53-bf1b0e793acb\" rel=\"nofollow noopener\" target=\"_blank\"><\/p>\n<p>                        Abschiebungen:<br \/>\n                        Deutschland schiebt 32 M\u00e4nner nach Afghanistan ab<\/p>\n<p>                <\/a><\/p>\n<p class=\"paragraph article__item\">Nach Angaben des <a class=\"rtr-entity\" href=\"https:\/\/www.zeit.de\/thema\/flughafen\" rel=\"nofollow noopener\" target=\"_blank\">Flughafens<\/a> sind die betroffenen Luftraumsektoren wieder vollst\u00e4ndig nutzbar. S\u00e4mtliche Start- und Landedienste st\u00fcnden wieder zur Verf\u00fcgung. Passagiere wurden dennoch gebeten, vor der Anreise zum Airport den Status ihres Fluges bei der jeweiligen Fluggesellschaft zu \u00fcberpr\u00fcfen.\n<\/p>\n<p class=\"paragraph article__item\">Der Flughafen war zuvor wegen anhaltenden Ascheregens infolge vulkanischer Aktivit\u00e4t des gr\u00f6\u00dften Vulkans Europas geschlossen worden. Nahezu alle Verbindungen fielen aus, darunter auch mehrere nach Deutschland. Seit dem Wochenende rumorte der \u00c4tna wieder; am fr\u00fchen Sonntagmorgen wurden starke Ascheemissionen gemeldet. Sp\u00e4ter verst\u00e4rkte sich die Aktivit\u00e4t, eine Wolke stieg rund 1,5 Kilometer \u00fcber den Gipfel auf.\n<\/p>\n<p class=\"paragraph article__item\">\u00a9 dpa-infocom, dpa:260707-930-346485\/1<\/p>\n","protected":false},"excerpt":{"rendered":"Nach der vor\u00fcbergehenden Sperrung wegen des Ascheregens am Vulkan \u00c4tna auf der italienischen Mittelmeerinsel Sizilien ist der Flugbetrieb&hellip;\n","protected":false},"author":2,"featured_media":64023,"comment_status":"","ping_status":"","sticky":false,"template":"","format":"standard","meta":{"footnotes":""},"categories":[3],"tags":[22594,22593,22592,6,1092,22591,144,18561,15267],"class_list":["post-64022","post","type-post","status-publish","format-standard","has-post-thumbnail","category-europa","tag-ascheregen","tag-aetna","tag-catania","tag-europa","tag-flughaefen","tag-groesster-vulkan-europas","tag-news","tag-sizilien","tag-sperrung"],"_links":{"self":[{"href":"https:\/\/www.europesays.com\/europa\/wp-json\/wp\/v2\/posts\/64022","targetHints":{"allow":["GET"]}}],"collection":[{"href":"https:\/\/www.europesays.com\/europa\/wp-json\/wp\/v2\/posts"}],"about":[{"href":"https:\/\/www.europesays.com\/europa\/wp-json\/wp\/v2\/types\/post"}],"author":[{"embeddable":true,"href":"https:\/\/www.europesays.com\/europa\/wp-json\/wp\/v2\/users\/2"}],"replies":[{"embeddable":true,"href":"https:\/\/www.europesays.com\/europa\/wp-json\/wp\/v2\/comments?post=64022"}],"version-history":[{"count":0,"href":"https:\/\/www.europesays.com\/europa\/wp-json\/wp\/v2\/posts\/64022\/revisions"}],"wp:featuredmedia":[{"embeddable":true,"href":"https:\/\/www.europesays.com\/europa\/wp-json\/wp\/v2\/media\/64023"}],"wp:attachment":[{"href":"https:\/\/www.europesays.com\/europa\/wp-json\/wp\/v2\/media?parent=64022"}],"wp:term":[{"taxonomy":"category","embeddable":true,"href":"https:\/\/www.europesays.com\/europa\/wp-json\/wp\/v2\/categories?post=64022"},{"taxonomy":"post_tag","embeddable":true,"href":"https:\/\/www.europesays.com\/europa\/wp-json\/wp\/v2\/tags?post=64022"}],"curies":[{"name":"wp","href":"https:\/\/api.w.org\/{rel}","templated":true}]}}