{"id":67521,"date":"2026-07-13T13:48:11","date_gmt":"2026-07-13T13:48:11","guid":{"rendered":"https:\/\/www.europesays.com\/europa\/67521\/"},"modified":"2026-07-13T13:48:11","modified_gmt":"2026-07-13T13:48:11","slug":"apple-pencil-neue-modelle-wegen-eu-batterieverordnung-geplant-leben-wissen","status":"publish","type":"post","link":"https:\/\/www.europesays.com\/europa\/67521\/","title":{"rendered":"Apple Pencil: Neue Modelle wegen EU-Batterieverordnung geplant | Leben &#038; Wissen"},"content":{"rendered":"<p><a class=\"skip-content skip-content--link\" href=\"#in-content-skip-link-target-v-0-0\">TTS-Player \u00fcberspringen\u21b5<\/a><a id=\"in-content-skip-link-target-v-0-0\" class=\"skip-content--target-link-hidden skip-content skip-content--target-link\" href=\"#in-content-skip-link-target-v-0-0\">Artikel weiterlesen<\/a><\/p>\n<p data-497f19fe=\"0-1946\">Ab Februar 2027 gelten in der EU neue Regeln f\u00fcr Akkus in Ger\u00e4ten. Apple soll deshalb an zwei neuen Apple Pencils arbeiten, bei denen der Akku leichter gewechselt werden kann. Die EU-Batterieverordnung betrifft Ger\u00e4te, die in Europa verkauft werden. Akkus m\u00fcssen k\u00fcnftig einfacher austauschbar sein. <\/p>\n<p data-497f19fe=\"0-1946\">Mark Gurman berichtet bei \u201e<a href=\"https:\/\/www.bloomberg.com\/news\/newsletters\/2026-07-12\/apple-s-chip-plans-m6-m7-pro-m7-max-m7-ultra-m8-details-touch-macbook-pro\" target=\"_blank\" rel=\"nofollow noopener\" class=\"text-link\">Bloomberg<\/a>\u201c, dass Apple zwei neue Pencil-Modelle entwickelt. Sie sollen bereits im kommenden Jahr erscheinen, zusammen mit neuen iPad-Pro-Modellen.<\/p>\n<p>Nachfolger f\u00fcr Pencil Pro und Pencil (USB-C)<\/p>\n<p data-497f19fe=\"0-1946\">Ein neues Einsteiger-Modell l\u00e4uft intern unter dem Codenamen B582. Es soll den aktuellen Apple Pencil (USB-C) ersetzen, der per USB-C-Anschluss geladen wird.<\/p>\n<p data-497f19fe=\"0-1946\">Das zweite Modell tr\u00e4gt den Codenamen B632. Es soll der Nachfolger des Apple Pencil Pro werden. Dieser bietet kabelloses Laden und zus\u00e4tzliche Funktionen.<\/p>\n<p data-497f19fe=\"0-1946\">Dazu geh\u00f6ren Rotation, Dr\u00fcck-Geste, haptisches Feedback und die Einbindung in das \u201eWo ist?\u201c-Netzwerk. Diese Extras fehlen dem USB-C-Modell.<\/p>\n<p>Keine Nachfolger f\u00fcr \u00e4ltere Modelle<\/p>\n<p data-497f19fe=\"0-1946\">Dass nur zwei neue Modelle genannt werden, deutet auf ein m\u00f6gliches Ende des Apple Pencil der 1. und 2. Generation hin. Beide werden derzeit weiter verkauft.<\/p>\n<p data-497f19fe=\"0-1946\"><a href=\"https:\/\/www.bild.de\/digital\/multimedia\/apple\/apple-alle-infos-78214506.bild.html\" class=\"text-link\" rel=\"nofollow noopener\" target=\"_blank\">Apple<\/a> bietet sie an, weil \u00e4ltere iPads sonst nicht vollst\u00e4ndig abgedeckt w\u00e4ren. Die 1. Generation reicht bis zum iPad der 6. Generation zur\u00fcck.<\/p>\n<p data-497f19fe=\"0-1946\">Der Apple Pencil (USB-C) funktioniert zwar mit vielen iPads. Die 2. Generation bietet aber zus\u00e4tzliche Funktionen wie kabelloses Laden, Doppeltippen und Drucksensitivit\u00e4t.<\/p>\n<p>EU-Regel kann Verkaufsstopp bedeuten<\/p>\n<p data-497f19fe=\"0-1946\">Sollte Apple die 1. und 2. Generation nicht \u00fcberarbeiten, d\u00fcrften sie ab dem 18. Februar 2027 nicht mehr in der EU verkauft werden.<\/p>\n<p data-497f19fe=\"0-1946\">In anderen L\u00e4ndern k\u00f6nnte Apple die unver\u00e4nderten Modelle weiter anbieten. F\u00fcr Europa k\u00e4me das aber faktisch einer Einstellung gleich.<\/p>\n<p data-497f19fe=\"0-1946\">Laut Gurman arbeitet Apple daran, die neuen Vorgaben zu erf\u00fcllen. Bisherige Pencil-Modelle gelten wie AirPods als kaum reparierbar.<\/p>\n","protected":false},"excerpt":{"rendered":"TTS-Player \u00fcberspringen\u21b5Artikel weiterlesen Ab Februar 2027 gelten in der EU neue Regeln f\u00fcr Akkus in Ger\u00e4ten. Apple soll&hellip;\n","protected":false},"author":2,"featured_media":67522,"comment_status":"","ping_status":"","sticky":false,"template":"","format":"standard","meta":{"footnotes":""},"categories":[4],"tags":[1302,23628,23629,21,22,23168],"class_list":["post-67521","post","type-post","status-publish","format-standard","has-post-thumbnail","category-eu","tag-apple","tag-apple-ipad","tag-apple-pencil","tag-eu","tag-europaeische-union","tag-leben-tech"],"_links":{"self":[{"href":"https:\/\/www.europesays.com\/europa\/wp-json\/wp\/v2\/posts\/67521","targetHints":{"allow":["GET"]}}],"collection":[{"href":"https:\/\/www.europesays.com\/europa\/wp-json\/wp\/v2\/posts"}],"about":[{"href":"https:\/\/www.europesays.com\/europa\/wp-json\/wp\/v2\/types\/post"}],"author":[{"embeddable":true,"href":"https:\/\/www.europesays.com\/europa\/wp-json\/wp\/v2\/users\/2"}],"replies":[{"embeddable":true,"href":"https:\/\/www.europesays.com\/europa\/wp-json\/wp\/v2\/comments?post=67521"}],"version-history":[{"count":0,"href":"https:\/\/www.europesays.com\/europa\/wp-json\/wp\/v2\/posts\/67521\/revisions"}],"wp:featuredmedia":[{"embeddable":true,"href":"https:\/\/www.europesays.com\/europa\/wp-json\/wp\/v2\/media\/67522"}],"wp:attachment":[{"href":"https:\/\/www.europesays.com\/europa\/wp-json\/wp\/v2\/media?parent=67521"}],"wp:term":[{"taxonomy":"category","embeddable":true,"href":"https:\/\/www.europesays.com\/europa\/wp-json\/wp\/v2\/categories?post=67521"},{"taxonomy":"post_tag","embeddable":true,"href":"https:\/\/www.europesays.com\/europa\/wp-json\/wp\/v2\/tags?post=67521"}],"curies":[{"name":"wp","href":"https:\/\/api.w.org\/{rel}","templated":true}]}}