{"id":69828,"date":"2026-07-17T04:00:15","date_gmt":"2026-07-17T04:00:15","guid":{"rendered":"https:\/\/www.europesays.com\/europa\/69828\/"},"modified":"2026-07-17T04:00:15","modified_gmt":"2026-07-17T04:00:15","slug":"neue-hitzeglocke-baut-sich-bald-ueber-europa-auf-news","status":"publish","type":"post","link":"https:\/\/www.europesays.com\/europa\/69828\/","title":{"rendered":"Neue Hitzeglocke baut sich bald \u00fcber Europa auf | News"},"content":{"rendered":"<p><a class=\"skip-content skip-content--link\" href=\"#in-content-skip-link-target-v-0-0\">TTS-Player \u00fcberspringen\u21b5<\/a><a id=\"in-content-skip-link-target-v-0-0\" class=\"skip-content--target-link-hidden skip-content skip-content--target-link\" href=\"#in-content-skip-link-target-v-0-0\">Artikel weiterlesen<\/a><\/p>\n<p data-bbd632a7=\"0-598\">Endlich kommt die Abk\u00fchlung! Die Gluthitze zieht ab, auch die Tropenn\u00e4chte sind erst mal vorbei. Der Hitzewelle geht die Puste aus. Doch die Verschnaufpause hat auch ihre T\u00fccken: Heute drohen in einigen Regionen kr\u00e4ftige Unwetter. Da sollte die Regenjacke griffbereit sein. Und die Sonnencreme sollte auch nicht zu weit wegger\u00e4umt werden. Denn es baut sich bald eine neue Hitzeglocke auf.<\/p>\n<p data-bbd632a7=\"0-598\">\u201eMehrere Modelle zeigen, dass Ende Juli schon die n\u00e4chste Hitzewelle wieder \u00fcber Nordafrika, Spanien und Frankreich nach <a href=\"https:\/\/www.bild.de\/themen\/orte\/deutschland\/nachrichten-news-fotos-videos-17266634.bild.html\" class=\"text-link\" rel=\"nofollow noopener\" target=\"_blank\">Deutschland<\/a> kommen wird. Es steht aber noch nicht fest, wie hei\u00df es wirklich wird\u201c, sagt Diplom-Meteorologe Dominik Jung zu BILD.<\/p>\n<p>Neue Hitzewelle w\u00e4hrend Hundstagen<\/p>\n<p data-bbd632a7=\"599-1197\">Die neue <a href=\"https:\/\/www.bild.de\/news\/wetter\/hitzewelle\/thema-hitzewelle-alle-infos-80747866.bild.html\" class=\"text-link\" rel=\"nofollow noopener\" target=\"_blank\">Hitzewelle<\/a> kommt nicht ganz \u00fcberraschend. Die Hitzeglocke f\u00e4llt ausgerechnet in die sogenannten Hundstage \u2013 die hei\u00dfeste Zeit des Jahres. Sie beginnen am 23. Juli und enden am 23. August. In dieser Phase klettern die Temperaturen h\u00e4ufig auf \u00fcber 30 Grad. Das <a href=\"https:\/\/www.bild.de\/news\/aktuelles\/wetter\/wetter-alle-infos-78213998.bild.html\" class=\"text-link\" rel=\"nofollow noopener\" target=\"_blank\">Wetter<\/a> mit dr\u00fcckender Hitze und schw\u00fcler Luft macht vielen Menschen zu schaffen.<\/p>\n<p>Vorher geht es mit den Unwettern weiter<\/p>\n<p data-bbd632a7=\"599-1197\">Doch <a href=\"https:\/\/www.bild.de\/news\/wetter\/wetter-wende-im-anflug-blitz-und-donner-beenden-die-hitzewelle-6a574326664e99bc41e9372d\" class=\"text-link\" rel=\"nofollow noopener\" target=\"_blank\">vor der Hitzewelle kommt die Abk\u00fchlung<\/a>. Am Freitag liegen die Temperaturen im Norden zwischen 24 und 28, im Osten bei 27, im Westen zwischen 26 und 28 und im S\u00fcden zwischen 24 und 29 Grad. Nicht zu untersch\u00e4tzen: Regen, Gewitter und sogar lokale Unwetter drohen. <\/p>\n<p><img decoding=\"async\" width=\"992\" height=\"1398\" alt=\"Die Karte zeigt die Temperaturen am Freitag in Deutschland\" loading=\"lazy\" src=\"https:\/\/www.europesays.com\/europa\/wp-content\/uploads\/2026\/07\/f74a9944a1a8d21cc23ea2be182ebef3,6c41a990.jpeg\"   class=\"dynamic\"\/><\/p>\n<p class=\"fig__caption__text\">Die Wetterkarte zeigt die Temperaturen heute in Deutschland <\/p>\n<p>Foto: Wetter.net<\/p>\n<p data-bbd632a7=\"1198-1815\">\u201eSchon morgens kann es in Rheinland-Pfalz beginnen. Ungem\u00fctlich wird es auch in Hessen, Baden-W\u00fcrttemberg und Bayern. Die <a href=\"https:\/\/www.bild.de\/news\/wetter\/sturm\/stuerme-unwetter-alle-infos-78018438.bild.html\" class=\"text-link\" rel=\"nofollow noopener\" target=\"_blank\">Unwetterlage<\/a> ist kein Spa\u00df. Starke Windb\u00f6en und Hagel drohen regional. Da sollte jeder seine Fenster schlie\u00dfen, die Sonnenschirme sichern\u201c, warnt Klimatologe Dr. Karsten Brandt gegen\u00fcber BILD.<\/p>\n<p><img decoding=\"async\" width=\"992\" height=\"558\" alt=\"Gewitterwolken zogen vor drei Tagen \u00fcber Mindelheim (Bayern). Am Freitag muss in einigen Bereichen Deutschlands wieder mit Unwetterlagen gerechnet werden\" loading=\"lazy\" src=\"https:\/\/www.europesays.com\/europa\/wp-content\/uploads\/2026\/07\/8c6952474e85e608dab330b91af429d0,c52b3ef4.jpeg\"   class=\"landscape\"\/><\/p>\n<p class=\"fig__caption__text\">Gewitterwolken ziehen \u00fcber Mindelheim (Bayern). Auch am Freitag gibt es wieder Unwetter<\/p>\n<p>Foto: MIS<\/p>\n<p data-bbd632a7=\"1198-1815\">Am Samstag und Sonntag gibt es dann kaum <a href=\"https:\/\/www.bild.de\/news\/wetter\/regen-wie-er-entsteht-und-weitere-infos-zum-wetterphaenomen-660fa057873a8a5d194a417b\" class=\"text-link\" rel=\"nofollow noopener\" target=\"_blank\">Schauer<\/a>. Die Temperaturen liegen zwischen 17 und 28 Grad. Der Montag beginnt in einigen Regionen recht k\u00fchl.<\/p>\n<p>Experten in diesem Text<\/p>\n<p>Dominik Jung ist Diplom-Meteorologe und Klimaexperte beim Online-Portal und der App wetter.net. Er ist Gesch\u00e4ftsf\u00fchrer bei Q-met und betreibt einen YouTube-Kanal, auf dem er t\u00e4glich das aktuelle Wetter vorstellt.<\/p>\n<p>Dr. Karsten Brandt promovierte an der Universit\u00e4t Duisburg-Essen im Bereich der Klimatologie zum Doktor der Naturwissenschaften. Er verfasste mehrere B\u00fccher zum Thema Wetter und ist au\u00dferdem Gr\u00fcnder und Gesch\u00e4ftsf\u00fchrer des Portals Donnerwetter.de.<\/p>\n","protected":false},"excerpt":{"rendered":"TTS-Player \u00fcberspringen\u21b5Artikel weiterlesen Endlich kommt die Abk\u00fchlung! Die Gluthitze zieht ab, auch die Tropenn\u00e4chte sind erst mal vorbei.&hellip;\n","protected":false},"author":2,"featured_media":69829,"comment_status":"","ping_status":"","sticky":false,"template":"","format":"standard","meta":{"footnotes":""},"categories":[3],"tags":[82,6,2119,15881,24243,5703,1433,15855,24245,24246,13647,1623,2810,3941,15856,15853,24244,14908],"class_list":["post-69828","post","type-post","status-publish","format-standard","has-post-thumbnail","category-europa","tag-deutschland","tag-europa","tag-experten","tag-gewitter","tag-hagel","tag-hitzewelle","tag-klima","tag-meteorologie","tag-regen","tag-roethemeier-thomas","tag-seo-first","tag-sommer","tag-unwetter","tag-wetter","tag-wetterlage","tag-wetterphaenomene","tag-wetterumschwung","tag-wettervorhersage"],"_links":{"self":[{"href":"https:\/\/www.europesays.com\/europa\/wp-json\/wp\/v2\/posts\/69828","targetHints":{"allow":["GET"]}}],"collection":[{"href":"https:\/\/www.europesays.com\/europa\/wp-json\/wp\/v2\/posts"}],"about":[{"href":"https:\/\/www.europesays.com\/europa\/wp-json\/wp\/v2\/types\/post"}],"author":[{"embeddable":true,"href":"https:\/\/www.europesays.com\/europa\/wp-json\/wp\/v2\/users\/2"}],"replies":[{"embeddable":true,"href":"https:\/\/www.europesays.com\/europa\/wp-json\/wp\/v2\/comments?post=69828"}],"version-history":[{"count":0,"href":"https:\/\/www.europesays.com\/europa\/wp-json\/wp\/v2\/posts\/69828\/revisions"}],"wp:featuredmedia":[{"embeddable":true,"href":"https:\/\/www.europesays.com\/europa\/wp-json\/wp\/v2\/media\/69829"}],"wp:attachment":[{"href":"https:\/\/www.europesays.com\/europa\/wp-json\/wp\/v2\/media?parent=69828"}],"wp:term":[{"taxonomy":"category","embeddable":true,"href":"https:\/\/www.europesays.com\/europa\/wp-json\/wp\/v2\/categories?post=69828"},{"taxonomy":"post_tag","embeddable":true,"href":"https:\/\/www.europesays.com\/europa\/wp-json\/wp\/v2\/tags?post=69828"}],"curies":[{"name":"wp","href":"https:\/\/api.w.org\/{rel}","templated":true}]}}