{"id":71821,"date":"2026-07-21T14:32:15","date_gmt":"2026-07-21T14:32:15","guid":{"rendered":"https:\/\/www.europesays.com\/europa\/71821\/"},"modified":"2026-07-21T14:32:15","modified_gmt":"2026-07-21T14:32:15","slug":"biennale-von-venedig-eu-stellt-unterstuetzung-fuer-kunstbiennale-in-venedig-ein-2","status":"publish","type":"post","link":"https:\/\/www.europesays.com\/europa\/71821\/","title":{"rendered":"Biennale von Venedig: EU stellt Unterst\u00fctzung f\u00fcr Kunstbiennale in Venedig ein"},"content":{"rendered":"<p class=\"paragraph article__item\">Die <a href=\"https:\/\/www.zeit.de\/feuilleton\/kunst\/2026-05\/biennale-venedig-russland-widerstand-frauengruppe-putin\" target=\"_blank\" rel=\"nofollow noopener\">Europ\u00e4ische Union<\/a> stellt ihre finanzielle F\u00f6rderung der Kunstbiennale von Venedig ein. Grund ist die umstrittene Teilnahme Russlands an der traditionsreichen Kunstausstellung. Wie ein Sprecher der EU-Kommission mitteilte, beschloss die Europ\u00e4ische Exekutivagentur f\u00fcr Bildung und Kultur (EACEA) nach einer rechtlichen Pr\u00fcfung, den laufenden Zuschuss in H\u00f6he von zwei Millionen Euro an die Fondazione La <a class=\"rtr-entity\" href=\"https:\/\/www.zeit.de\/thema\/biennale\" rel=\"nofollow noopener\" target=\"_blank\">Biennale<\/a> di Venezia zu beenden.\n<\/p>\n<p class=\"paragraph article__item\">Zur Begr\u00fcndung sagte der Sprecher, Kulturprojekte, die mit EU-Steuergeldern finanziert werden, m\u00fcssten demokratische Grundwerte vertreten sowie offenen Dialog, Vielfalt und Meinungsfreiheit f\u00f6rdern. Diese Werte w\u00fcrden im heutigen <a class=\"rtr-entity\" href=\"https:\/\/www.zeit.de\/thema\/russland\" rel=\"nofollow noopener\" target=\"_blank\">Russland<\/a> nicht respektiert. Deshalb sei eine weitere F\u00f6rderung der Biennale unter den aktuellen Umst\u00e4nden nicht mit den EU-Grunds\u00e4tzen vereinbar.\n<\/p>\n<p class=\"paragraph article__item\">Die Kunstbiennale in Venedig z\u00e4hlt zu den wichtigsten internationalen Ausstellungen zeitgen\u00f6ssischer Kunst. In diesem Jahr findet sie vom 9. Mai bis 22. November statt. Mit dem Zuschuss half die <a class=\"rtr-entity\" href=\"https:\/\/www.zeit.de\/thema\/europaeische-union\" rel=\"nofollow noopener\" target=\"_blank\">EU<\/a> bei der Unterst\u00fctzung von Filmproduzenten und immersiver Technik. Die EACEA verwaltet Mittel f\u00fcr Bildung, Kultur, audiovisuelle Medien, Sport, B\u00fcrgerbeteiligung und Freiwilligenarbeit.\n<\/p>\n<p>            Erste Teilnahme seit der Invasion            <\/p>\n<p class=\"paragraph article__item\">Russland nimmt erstmals seit Beginn seiner <a href=\"https:\/\/www.zeit.de\/feuilleton\/kunst\/2026-05\/biennale-venedig-russland-widerstand-frauengruppe-putin\" target=\"_blank\" rel=\"nofollow noopener\">Invasion in der Ukraine<\/a> 2022 an der Kunstbiennale teil. Rund 50 vom russischen Staat ausgesuchte K\u00fcnstler, darunter Musiker, Dichter und Philosophen, arbeiteten an dem Musik- und Performanceprojekt \u00bbDer Baum ist im Himmel verwurzelt\u00ab.\n<\/p>\n<p class=\"paragraph article__item\">Zwar bleibt der Pavillon, der Eigentum des russischen Staates ist, f\u00fcr ein breites Publikum geschlossen. Besucher sehen aber drau\u00dfen die Installation auf einem gro\u00dfen Bildschirm. Das sei von Anfang an so geplant gewesen, sagte die russische Kuratorin Anastassija Karnejewa, Tochter eines beim Staatskonzern Rostec t\u00e4tigen R\u00fcstungsmanagers im Rang eines Geheimdienstgenerals. Russland sieht die Teilnahme als Ende seiner kulturellen Isolation im Westen.\n<\/p>\n<p>                            \u00a9\u00a0Lea Dohle<\/p>\n<p>\n                                        Newsletter<br \/>\n                                        Was jetzt? \u2013 Der t\u00e4gliche Morgen\u00fcberblick<\/p>\n<p class=\"newsletter-signup__text\">Starten Sie mit unserem kurzen Nachrichten-Newsletter in den Tag. Erhalten Sie zudem freitags das digitale Magazin ZEIT am Wochenende.<\/p>\n<p class=\"newsletter-signup__datapolicy\" hidden=\"\">\n            Mit Ihrer Registrierung nehmen Sie die <a href=\"https:\/\/datenschutz.zeit.de\/zon#Newsletter\" target=\"_blank\" rel=\"nofollow noopener\">Datenschutzerkl\u00e4rung<\/a> zur Kenntnis.\n        <\/p>\n<p>    Vielen Dank! Wir haben Ihnen eine E-Mail geschickt.<\/p>\n<p>Pr\u00fcfen Sie Ihr Postfach und best\u00e4tigen Sie das Newsletter-Abonnement.<\/p>\n<p class=\"paragraph article__item\">Schon nach der Ank\u00fcndigung Russlands hatte es Kritik gegeben. Verurteilt wurde die russische Kulturoffensive als Teil einer \u00bbhybriden Kriegsf\u00fchrung\u00ab.\n<\/p>\n<p>            Protest gegen Teilnahme            <\/p>\n<p class=\"paragraph article__item\">Die Ukraine protestierte gegen <a href=\"https:\/\/www.zeit.de\/feuilleton\/kunst\/2026-05\/biennale-venedig-pavillons-oesterreich-florentina-holzinger-performance\" target=\"_blank\" rel=\"nofollow noopener\">Russlands Teilnahme<\/a>, auch weil im Zuge des russischen Krieges nach offiziellen Angaben Kyjiws mittlerweile Tausende Kulturdenkm\u00e4ler und andere kulturelle Einrichtungen zerst\u00f6rt oder besch\u00e4digt wurden. Au\u00dfenminister Andrij Sybiha und Kulturministerin Tetjana Bereschna gaben an, dass die designierte Leiterin des russischen Pavillons Kontakte zur R\u00fcstungsindustrie ihres Landes habe.\n<\/p>\n<p class=\"paragraph article__item\">Trotz oder m\u00f6glicherweise auch infolge der Kontroverse lagen die Besucherzahlen nach Sch\u00e4tzungen in den ersten beiden Monaten deutlich h\u00f6her als zu Beginn der Kunstbiennale 2024. Die italienische Nachrichtenagentur Adnkronos berichtete Mitte Juli von einem Besucherplus von 20 Prozent.\n<\/p>\n<p>Mehr zum Thema<\/p>\n<p>            Venedig        <\/p>\n<p>                <a href=\"https:\/\/www.zeit.de\/feuilleton\/kunst\/2026-05\/biennale-venedig-2024-kunstwerk-moewe\" data-ct-label=\"Biennale in Venedig: Ganz sch\u00f6n abgehoben\" data-uuid=\"8e7f3b01-dee2-41d0-9bbe-9c7ae862c271\" rel=\"nofollow noopener\" target=\"_blank\"><\/p>\n<p>                        Biennale in Venedig:<br \/>\n                        Ganz sch\u00f6n abgehoben<\/p>\n<p>                <\/a><\/p>\n<p>                <a href=\"https:\/\/www.zeit.de\/feuilleton\/kunst\/2026-05\/biennale-venedig-pavillons-oesterreich-florentina-holzinger-performance\" data-ct-label=\"Biennale in Venedig: \u00d6sterreich geht unter, D\u00e4nemark schaut Pornos, und was macht Israel? \" data-uuid=\"9399de94-aadf-40b4-90c7-7d8ec74d9320\" rel=\"nofollow noopener\" target=\"_blank\"><\/p>\n<p>        Z+ (abopflichtiger Inhalt);<\/p>\n<p>    Biennale in Venedig:<br \/>\n                        \u00d6sterreich geht unter, D\u00e4nemark schaut Pornos, und was macht Israel? <\/p>\n<p>                <\/a><\/p>\n<p>                <a href=\"https:\/\/www.zeit.de\/feuilleton\/kunst\/2026-05\/biennale-venedig-russland-widerstand-frauengruppe-putin\" data-ct-label=\"Biennale in Venedig: Die Freiheit f\u00fchrt den Pulk\" data-uuid=\"4648e161-3547-4eb8-b632-20aee29ae395\" rel=\"nofollow noopener\" target=\"_blank\"><\/p>\n<p>        Z+ (abopflichtiger Inhalt);<\/p>\n<p>    Biennale in Venedig:<br \/>\n                        Die Freiheit f\u00fchrt den Pulk<\/p>\n<p>                <\/a><\/p>\n","protected":false},"excerpt":{"rendered":"Die Europ\u00e4ische Union stellt ihre finanzielle F\u00f6rderung der Kunstbiennale von Venedig ein. Grund ist die umstrittene Teilnahme Russlands&hellip;\n","protected":false},"author":2,"featured_media":71736,"comment_status":"","ping_status":"","sticky":false,"template":"","format":"standard","meta":{"footnotes":""},"categories":[4],"tags":[371,8740,11104,21,22,161,1213,34,35,8739],"class_list":["post-71821","post","type-post","status-publish","format-standard","has-post-thumbnail","category-eu","tag-ausstellung","tag-biennale","tag-biennale-von-venedig","tag-eu","tag-europaeische-union","tag-finanzen","tag-kunst","tag-politik","tag-russland","tag-venedig"],"_links":{"self":[{"href":"https:\/\/www.europesays.com\/europa\/wp-json\/wp\/v2\/posts\/71821","targetHints":{"allow":["GET"]}}],"collection":[{"href":"https:\/\/www.europesays.com\/europa\/wp-json\/wp\/v2\/posts"}],"about":[{"href":"https:\/\/www.europesays.com\/europa\/wp-json\/wp\/v2\/types\/post"}],"author":[{"embeddable":true,"href":"https:\/\/www.europesays.com\/europa\/wp-json\/wp\/v2\/users\/2"}],"replies":[{"embeddable":true,"href":"https:\/\/www.europesays.com\/europa\/wp-json\/wp\/v2\/comments?post=71821"}],"version-history":[{"count":0,"href":"https:\/\/www.europesays.com\/europa\/wp-json\/wp\/v2\/posts\/71821\/revisions"}],"wp:featuredmedia":[{"embeddable":true,"href":"https:\/\/www.europesays.com\/europa\/wp-json\/wp\/v2\/media\/71736"}],"wp:attachment":[{"href":"https:\/\/www.europesays.com\/europa\/wp-json\/wp\/v2\/media?parent=71821"}],"wp:term":[{"taxonomy":"category","embeddable":true,"href":"https:\/\/www.europesays.com\/europa\/wp-json\/wp\/v2\/categories?post=71821"},{"taxonomy":"post_tag","embeddable":true,"href":"https:\/\/www.europesays.com\/europa\/wp-json\/wp\/v2\/tags?post=71821"}],"curies":[{"name":"wp","href":"https:\/\/api.w.org\/{rel}","templated":true}]}}