{"id":77636,"date":"2026-08-01T11:22:37","date_gmt":"2026-08-01T11:22:37","guid":{"rendered":"https:\/\/www.europesays.com\/europa\/77636\/"},"modified":"2026-08-01T11:22:37","modified_gmt":"2026-08-01T11:22:37","slug":"mindestens-67-migranten-starben-sanchez-kritisiert-europaeische-reaktionen-zur-ceuta-krise-und-fordert-eu-sondersitzung-2","status":"publish","type":"post","link":"https:\/\/www.europesays.com\/europa\/77636\/","title":{"rendered":"Mindestens 67 Migranten starben: S\u00e1nchez kritisiert europ\u00e4ische Reaktionen zur Ceuta-Krise \u2013 und fordert EU-Sondersitzung"},"content":{"rendered":"<p class=\"tspADdy tspADdz\">Spaniens Regierungschef Pedro S\u00e1nchez hat angesichts der europ\u00e4ischen Kritik am Umgang seines Landes mit der Migrationskrise in Ceuta eine Sondersitzung der EU-Innenminister gefordert. Eine Forderung, die mittlerweile offenbar von 22 EU-Mitgliedstaaten unterst\u00fctzt wird. In einem am Samstag bekannt gewordenen Brief an die Spitzen der europ\u00e4ischen Institutionen warf S\u00e1nchez einigen Mitgliedstaaten eine \u201eegoistische\u201c und \u201erechtswidrige\u201c Reaktion vor.<\/p>\n<p class=\"tspADdy\">\u201eEine solche Haltung \u2013 motiviert durch Vorurteile, Falschinformationen, Unwissenheit oder politische Interessen \u2013 verst\u00f6\u00dft nicht nur gegen europ\u00e4isches Recht, humanit\u00e4res Recht und die Grunds\u00e4tze der Solidarit\u00e4t, die uns verbinden, sondern l\u00e4uft auch den langfristigen Interessen Europas zuwider\u201c, schrieb S\u00e1nchez in dem der Nachrichtenagentur AFP vorliegenden Brief.<\/p>\n<p class=\"tspADdy\">\u201eIm gegenw\u00e4rtigen internationalen Kontext kann sich die Europ\u00e4ische Union eine solche egoistische, spaltende und rechtswidrige Reaktion nicht leisten\u201c, erkl\u00e4rte der spanische Regierungschef weiter. Er verlangte eine Videokonferenz der Innenminister aller 27 EU-Staaten.<\/p>\n<p class=\"tspADdy\">Ausl\u00f6ser des Streits war die Ankunft zehntausender Migranten in der spanischen Exklave Ceuta in Nordafrika. Nach Angaben der \u00f6rtlichen Regierung gelangten seit Wochenbeginn rund 60.000 Menschen von Marokko auf dem Land- oder Seeweg in das Gebiet \u2013 mehrere Menschen starben bei dem Versuch, Ceuta zu erreichen. Die Regierung in Madrid erkl\u00e4rte am Freitagabend, \u201efast alle\u201c Ank\u00f6mmlinge seien inzwischen nach Marokko zur\u00fcckgekehrt.<\/p>\n<p> Massive Kritik von Rechtspopulisten <\/p>\n<p class=\"tspADdy\">Rechtspopulistische und konservative Politiker in Europa und in den USA <a href=\"https:\/\/www.tagesspiegel.de\/internationales\/reaktion-auf-ceuta-krise-italien-setzt-offenbar-schengen-abkommen-zu-spanien-aus-15902850.html?icid=in-text-link_15898668\" class=\"link link--internal\" data-gtm-class=\"article-text-link\" data-gtm-val=\"internal\" rel=\"nofollow noopener\" target=\"_blank\">kritisierten Spanien scharf f\u00fcr seine vermeintlich laxe Migrationspolitik<\/a>. Besonders scharf hatte Italiens rechtsgerichtete Ministerpr\u00e4sidentin Giorgia Meloni reagiert. Sie bezeichnete die Bilder aus Ceuta als \u201eschockierend\u201c und brachte ein Aussetzen der Schengen-Zusammenarbeit mit Spanien ins Gespr\u00e4ch. Italien f\u00fchrte schlie\u00dflich f\u00fcr zun\u00e4chst einen Monat wieder Kontrollen im Flug- und Schiffsverkehr mit Spanien ein.<\/p>\n<p class=\"tspADdy\">Der italienische Au\u00dfenminister Antonio Tajani von der rechtspopulistischen Forza Italia sagte, die Bilder aus Ceuta zeigten, dass Sanchez\u2019 Migrationspolitik verfehlt sei. F\u00fchrende Politiker aus D\u00e4nemark, Schweden, Finnland, Tschechien und \u00d6sterreich schlossen sich Italiens Forderung an, das Schengen-Abkommen mit Spanien auszusetzen.<\/p>\n<p>Im gegenw\u00e4rtigen internationalen Kontext kann sich die Europ\u00e4ische Union eine solche egoistische, spaltende und rechtswidrige Reaktion nicht leisten.<\/p>\n<p class=\"tspAPfc\">Spaniens Regierungschef Pedro S\u00e1nchez in einem Brief an die Spitzen der europ\u00e4ischen Institutionen<\/p>\n<p class=\"tspADdy\">US-Pr\u00e4sident Donald Trump sagte bei einer Kabinettssitzung am Freitag, er habe im Fernsehen \u201eschockierende\u201c Bilder aus Ceuta gesehen: \u201eEs sieht aus wie eine Invasion eines Landes durch Hunderttausende von Menschen.\u201c Dasselbe w\u00fcrde in den USA passieren, wenn die Republikaner bei den Zwischenwahlen im November nicht gew\u00e4hlt w\u00fcrden, f\u00fcgte er hinzu. Auch die AfD-Chefin Alice Weidel schrieb, Ceuta sei \u201everw\u00fcstet\u201c worden, und forderte eine m\u00f6glichst harte Abschottung.<\/p>\n<p> Migranten offenbar wieder nach Marokko zur\u00fcckgekehrt <\/p>\n<p class=\"tspADdy\">Madrid bezeichnete Drohungen anderer L\u00e4nder mit einem Ausschluss Spaniens aus dem Schengen-Raum als \u201edemagogisch\u201c. Von der Nachrichtenagentur AFP befragte Juristen erkl\u00e4rten, eine solche Ma\u00dfnahme sei nach geltendem EU-Recht nicht m\u00f6glich. Spaniens Au\u00dfenminister Jos\u00e9 Manuel Albares betonte zudem, niemand k\u00f6nne unkontrolliert von Ceuta auf das spanische Festland und damit in den \u00fcbrigen Schengen-Raum gelangen. F\u00fcr Ceuta gilt die Freiz\u00fcgigkeit des sonstigen Schengen-Raums nicht.<\/p>\n<p><img decoding=\"async\" src=\"https:\/\/www.europesays.com\/europa\/wp-content\/uploads\/2026\/08\/migrants-cross-into-the-spanish-enclave-of-ceuta.jpeg\"   alt=\"Spanish Prime Minister Pedro Sanchez visits the border area, amid mass crossings of migrants on foot and by sea from Morocco into Spanish territory, in Ceuta, Spain, July 31, 2026. REUTERS\/Jon Nazca\" aria-labelledby=\"caption-15905090\" width=\"440\" height=\"330\" loading=\"lazy\" class=\"tspATfo\"\/> Der spanische Ministerpr\u00e4sident Pedro S\u00e1nchez besucht am 31. Juli 2026 Ceuta. <\/p>\n<p class=\"tspABds\"> \u00a9 REUTERS\/Jon Nazca <\/p>\n<p class=\"tspADdy\">S\u00e1nchez hatte die Ereignisse bei einem Besuch in Ceuta als \u201eAngriff\u201c auf die territoriale Integrit\u00e4t Spaniens bezeichnet. Er machte von der \u201eSchleusermafia\u201c verbreitete Ger\u00fcchte \u00fcber eine angeblich ge\u00f6ffnete Grenze f\u00fcr den Ansturm verantwortlich. Mittlerweile seien \u201enahezu alle, die in Ceuta angekommen waren, (&#8230;) wieder nach Marokko zur\u00fcckgekehrt\u201c, schrieb Albares auf X. Dies wurde durch Berichte unabh\u00e4ngiger Medien vor Ort best\u00e4tigt.<\/p>\n<p>Keine einzige Person hat die Grenze zum EU-Festland \u00fcberschritten.<\/p>\n<p class=\"tspAPfc\">EU-Migrationskommissar Magnus Brunner<\/p>\n<p class=\"tspADdy\">Am heutigen Samstag wollen sich Experten der EU-Mitgliedstaaten in einer Krisensitzung \u00fcber die Entwicklungen austauschen, wie ein Sprecher der irischen Ratspr\u00e4sidentschaft mitteilte. \u201eKeine einzige Person hat die Grenze zum EU-Festland \u00fcberschritten\u201c, versicherte EU-Migrationskommissar Magnus Brunner.<\/p>\n<p> Dutzende im Mittelmeer ertrunken <\/p>\n<p class=\"tspADdy\">Bis Freitagmorgen hatten innerhalb von 24 Stunden Zehntausende Migranten die Grenze zwischen Marokko und der spanischen Exklave Ceuta \u00fcberquert. Mindestens 67 Migranten kamen nach j\u00fcngsten Angaben der spanischen Regierung bei dem Versuch, die Exklave zu erreichen, ums Leben. Die meisten Menschen seien bei dem Versuch ertrunken, schwimmend nach Ceuta zu gelangen, berichtete der staatliche Fernsehsender RTVE unter Berufung auf einen Sprecher des Innenministeriums in Madrid.\u00a0<\/p>\n<p><img decoding=\"async\" src=\"https:\/\/www.europesays.com\/europa\/wp-content\/uploads\/2026\/08\/morocco-spain-migration.jpeg\"   alt=\"Police officers man a roadblock on the outskirts of Fnideq, on the Morocco-Spain border, on July 30, 2026. Hundreds of people were converging on Morocco's northern town of Fnideq on July 30 evening, following rumours that the border with Spain's Ceuta had opened, according to an AFP journalist. Spain had earlier reported nine deaths after hundreds of migrants entered the north African exclave from Morocco, mainly by swimming. (Photo by Abdel Majid BZIOUAT \/ AFP)\" aria-labelledby=\"caption-15899924\" width=\"440\" height=\"330\" loading=\"lazy\" class=\"tspATfo\"\/> Die Polizei hat in Ceuta Stra\u00dfensperren eingerichtet. <\/p>\n<p class=\"tspABds\"> \u00a9 AFP\/ABDEL MAJID BZIOUAT <\/p>\n<p class=\"tspADdy\">Um die Lage unter Kontrolle zu bringen, entsandte die Regierung 60 Soldaten sowie 200 Spezialkr\u00e4fte der Polizei nach Ceuta, teilte das Ministerium am sp\u00e4ten Donnerstagabend mit. Die Regierung in Madrid setzt in der Exklave erstmals seit 2021 wieder Milit\u00e4r zur Unterst\u00fctzung der Grenzsicherung ein.<\/p>\n<p> Die Geschehnisse im Video: <\/p>\n<p class=\"tspADdy\">Zuvor waren zahlreiche Menschen aus Marokko in die Stadt gelangt und hatten die spanische Polizeibeh\u00f6rde Guardia Civil \u00fcberrannt. Auf Videoaufnahmen war zu sehen, wie Hunderte Migranten mit Schwimmreifen \u00fcber das Meer kamen oder Tore im Grenzzaun durchbrachen. Marokkanische Beh\u00f6rden setzten in der Grenzstadt Fnideq Wasserwerfer ein, um weitere \u00dcbertritte zu verhindern.<\/p>\n<p class=\"tspADdy\">Auch an der Grenze zwischen Marokko und Melilla kam es laut dem staatlichen Fernsehsender RTVE am Freitagabend zu Auseinandersetzungen mit Beamten. Mehrere Menschen h\u00e4tten Steine auf die Sicherheitskr\u00e4fte geschleudert, w\u00e4hrend diese Tr\u00e4nengas eingesetzt h\u00e4tten. Zun\u00e4chst war unklar, ob einige der Migranten nach Melilla gelangt waren.<\/p>\n<p> Migration befeuert Debatte in Spanien <\/p>\n<p class=\"tspADdy\">Die Ereignisse heizen die politische Debatte in Spanien weiter an. Die sozialistische Regierung hatte k\u00fcrzlich ein Programm gestartet, um rund 500.000 Migranten ohne Papiere einen legalen Status zu verschaffen. Rechte Parteien machten Sanchez daraufhin f\u00fcr die Eskalation verantwortlich. Oppositionsf\u00fchrer Alberto N\u00fa\u00f1ez Feij\u00f3o von der konservativen Volkspartei (PP) sprach von einer Gefahr f\u00fcr die nationale Sicherheit.<\/p>\n<p><img decoding=\"async\" src=\"https:\/\/www.europesays.com\/europa\/wp-content\/uploads\/2026\/08\/1785581597_272_morocco-spain-migration.jpeg\"   alt=\"Migrants wait to board coaches as the Moroccan authorities transfer some back to their hometowns after they left Spain's North African enclave of Ceuta following an attempt to cross at the Morocco-Spain border, at Fnideq in northern Morocco on August 1, 2026. More than 48,000 migrants have returned to Morocco from Spain's Ceuta after tens of thousands crossed the frontier into its north African enclave in recent days, Spain's interior ministry said on July 31. Hundreds of people converged on Morocco's northern town of Fnideq on July 30 evening, following rumours that the border with Spain's Ceuta had opened, according to an AFP journalist. (Photo by Abdel Majid BZIOUAT \/ AFP)\" aria-labelledby=\"caption-15905095\" width=\"440\" height=\"330\" loading=\"lazy\" class=\"tspATfo\"\/> Migranten warten darauf, in Reisebusse einzusteigen, die von Marokko bereitgestellt wurden, um sie in ihre Heimatst\u00e4dte zur\u00fcckzubringen, nachdem sie die spanische Enklave Ceuta in Nordafrika verlassen haben. <\/p>\n<p class=\"tspABds\"> \u00a9 AFP\/ABDEL MAJID BZIOUAT <\/p>\n<p class=\"tspADdy\">Eine Hypothese f\u00fcr den sprunghaften Anstieg ist ein Urteil des Obersten Gerichtshofs Spaniens von Anfang des Monats. Demnach d\u00fcrfen Migranten, die \u00fcber einen Grenzzaun nach Ceuta oder in die andere spanische Nordafrika-Exklave Melilla abgefangen werden, nicht umgehend wieder zur\u00fcckgeschickt werden. <a href=\"https:\/\/www.tagesspiegel.de\/internationales\/lage-in-ceuta-eskaliert-hat-marokko-die-krise-provoziert-15901397.html?icid=in-text-link_15898668\" class=\"link link--internal\" data-gtm-class=\"article-text-link\" data-gtm-val=\"internal\" rel=\"nofollow noopener\" target=\"_blank\">Allerdings sagten zwei Migrationsexpertinnen dem Tagesspiegel, sie hielten diese Theorie f\u00fcr unplausibel<\/a>.<\/p>\n<p class=\"tspADdy\">Das spanische Innenministerium machte Schlepperbanden daf\u00fcr verantwortlich, das Urteil auszunutzen. Es k\u00fcndigte an, illegal Eingereiste umgehend abzuschieben. Eine Stellungnahme des marokkanischen Innenministeriums lag zun\u00e4chst nicht vor.<\/p>\n<p> Setzte Marokko die Grenzkontrollen aus? <\/p>\n<p class=\"tspADdy\">Es gibt allerdings auch Stimmen, die auf eine andere m\u00f6gliche Erkl\u00e4rung hinweisen. Denn die Ereignisse wecken Erinnerungen an den Mai 2021, als innerhalb weniger Tage rund 10.000 Jugendliche aus Marokko und L\u00e4ndern s\u00fcdlich der Sahara die Exklave erreichten. Damals befanden sich Spanien und Marokko in einer diplomatischen Krise: Nachdem Madrid Brahim Ghali, den Anf\u00fchrer der Polisario, der Front der Sahrauis, die f\u00fcr die Unabh\u00e4ngigkeit der von Marokko beanspruchten Westsahara k\u00e4mpft, zur medizinischen Behandlung aufgenommen hatte, setzte Marokko die Grenzkontrollen aus.<\/p>\n<p><img decoding=\"async\" src=\"https:\/\/www.europesays.com\/europa\/wp-content\/uploads\/2026\/08\/1785581597_378_morocco-spain-migration.jpeg\"   alt=\"Moroccan security forces confront migrants attempting to cross into Spain's North African enclave of Ceuta during clashes near the town of Fnideq, on the Morocco-Spain border, on July 31, 2026. The European Union on July 31 scrambled to contain one of the largest migrant crises faced by the block in recent years, after tens of thousands of people poured into into Spain's North African Ceuta enclave in just days. (Photo by Abdel Majid BZIOUAT \/ AFP)\" aria-labelledby=\"caption-15905100\" width=\"440\" height=\"330\" loading=\"lazy\" class=\"tspATfo\"\/> Marokkanische Sicherheitskr\u00e4fte gehen am 31. Juli 2026 bei Zusammenst\u00f6\u00dfen in der N\u00e4he der Stadt Fnideq an der marokkanisch-spanischen Grenze gegen Migranten vor, die versuchen, in die spanische Enklave Ceuta in Nordafrika einzudringen. <\/p>\n<p class=\"tspABds\"> \u00a9 AFP\/ABDEL MAJID BZIOUAT <\/p>\n<p class=\"tspADdy\">So schreibt die italienische Zeitung \u201eLa Repubblica\u201c, im gesamten Jahr 2025 sei es lediglich sechs illegalen Migranten gelungen, Ceuta zu erreichen, und vom Beginn dieses Jahres bis zum vergangenen 15. Juli keinem einzigen.<\/p>\n<p class=\"tspADdy\">So berichtete etwa die spanische Zeitung \u201eEl Pa\u00eds\u201c <a href=\"https:\/\/elpais.com\/espana\/2026-07-30\/es-un-fracaso-para-el-pais-ver-a-una-chica-haciendo-la-senal-de-la-victoria-tras-haber-pasado-a-ceuta.html\" target=\"_blank\" rel=\"noopener nofollow\" class=\"link link--external\" data-gtm-class=\"article-text-link\" data-gtm-val=\"external\" aria-describedby=\"message-target-blank\">bereits am Mittwoch<\/a>, dass sich in Marokko die Nachricht einer einfachen Einreise nach Spanien verbreitet. Juan Carlos Sanz, Marokko-Korrespondent der Zeitung, <a href=\"https:\/\/elpais.com\/espana\/2026-07-31\/miles-de-personas-penetran-durante-la-noche-en-ceuta-en-medio-de-la-pasividad-de-la-policia-marroqui.html#?rel=mas\" target=\"_blank\" rel=\"noopener nofollow\" class=\"link link--external\" data-gtm-class=\"article-text-link\" data-gtm-val=\"external\" aria-describedby=\"message-target-blank\">schreibt vor Ort<\/a> von einem gro\u00dfen Aufgebot an Grenzpolizisten, Panzerw\u00e4gen und Gendarmen in Kampfausr\u00fcstung. \u201eSie hielten standhaft ihre Position, w\u00e4hrend Tausende Menschen schweigend am Strand entlangzogen und in der Flut schwammen.\u201c<\/p>\n<p>Lesen Sie auch<a href=\"https:\/\/www.tagesspiegel.de\/internationales\/bundnis-zwischen-moskauer-dreckskerlen-und-dem-wahnsinnigen-regime-in-nordkorea-selenskyj-beklagt-einsatz-nordkoreanischer-rakete-15901630.html?icid=topic-list_15898668___\" data-gtm-class=\"article-mzt-link\" data-hydrate-fingerprint=\"09740a54944caac75fd2c0c63fd5c5df\" data-hydrate-props=\"{&amp;escapedquot;element&amp;escapedquot;:{&amp;escapedquot;type&amp;escapedquot;:&amp;escapedquot;relatedContent&amp;escapedquot;,&amp;escapedquot;fieldMap&amp;escapedquot;:{},&amp;escapedquot;relation&amp;escapedquot;:{&amp;escapedquot;fields&amp;escapedquot;:{&amp;escapedquot;isPaid&amp;escapedquot;:null},&amp;escapedquot;href&amp;escapedquot;:&amp;escapedquot;\/internationales\/bundnis-zwischen-moskauer-dreckskerlen-und-dem-wahnsinnigen-regime-in-nordkorea-selenskyj-beklagt-einsatz-nordkoreanischer-rakete-15901630.html&amp;escapedquot;,&amp;escapedquot;teaserTitle&amp;escapedquot;:{&amp;escapedquot;kicker&amp;escapedquot;:&amp;escapedquot;\u201eB\u00fcndnis zwischen Moskauer Dreckskerlen und dem wahnsinnigen Regime in Nordkorea\u201c&amp;escapedquot;,&amp;escapedquot;headline&amp;escapedquot;:&amp;escapedquot;Selenskyj beklagt Einsatz nordkoreanischer Rakete&amp;escapedquot;},&amp;escapedquot;id&amp;escapedquot;:&amp;escapedquot;15901630&amp;escapedquot;,&amp;escapedquot;type&amp;escapedquot;:&amp;escapedquot;story&amp;escapedquot;},&amp;escapedquot;isPartOfList&amp;escapedquot;:true,&amp;escapedquot;topicListType&amp;escapedquot;:&amp;escapedquot;topic-list&amp;escapedquot;},&amp;escapedquot;showArrow&amp;escapedquot;:true}\" data-hydrate-slots=\"{&#039;default&#039;:[]}\" class=\"tspBPkk tspBSl8\" rel=\"nofollow noopener\" target=\"_blank\">\u201eB\u00fcndnis zwischen Moskauer Dreckskerlen und dem wahnsinnigen Regime in Nordkorea\u201c Selenskyj beklagt Einsatz nordkoreanischer Rakete <\/a><a href=\"https:\/\/www.tagesspiegel.de\/internationales\/angst-vor-ukrainischen-drohnenattacken-wachst-jetzt-evakuiert-der-nachste-russische-onlinehandler-sein-lager-15900612.html?icid=topic-list_15898668___\" data-gtm-class=\"article-mzt-link\" data-hydrate-fingerprint=\"09740a54944caac75fd2c0c63fd5c5df\" data-hydrate-props=\"{&amp;escapedquot;element&amp;escapedquot;:{&amp;escapedquot;type&amp;escapedquot;:&amp;escapedquot;relatedContent&amp;escapedquot;,&amp;escapedquot;fieldMap&amp;escapedquot;:{},&amp;escapedquot;relation&amp;escapedquot;:{&amp;escapedquot;fields&amp;escapedquot;:{&amp;escapedquot;isPaid&amp;escapedquot;:null},&amp;escapedquot;href&amp;escapedquot;:&amp;escapedquot;\/internationales\/angst-vor-ukrainischen-drohnenattacken-wachst-jetzt-evakuiert-der-nachste-russische-onlinehandler-sein-lager-15900612.html&amp;escapedquot;,&amp;escapedquot;teaserTitle&amp;escapedquot;:{&amp;escapedquot;kicker&amp;escapedquot;:&amp;escapedquot;Angst vor ukrainischen Drohnenattacken w\u00e4chst&amp;escapedquot;,&amp;escapedquot;headline&amp;escapedquot;:&amp;escapedquot;Jetzt evakuiert der n\u00e4chste russische Onlineh\u00e4ndler sein Lager&amp;escapedquot;},&amp;escapedquot;id&amp;escapedquot;:&amp;escapedquot;15900612&amp;escapedquot;,&amp;escapedquot;type&amp;escapedquot;:&amp;escapedquot;story&amp;escapedquot;},&amp;escapedquot;isPartOfList&amp;escapedquot;:true,&amp;escapedquot;topicListType&amp;escapedquot;:&amp;escapedquot;topic-list&amp;escapedquot;},&amp;escapedquot;showArrow&amp;escapedquot;:true}\" data-hydrate-slots=\"{&#039;default&#039;:[]}\" class=\"tspBPkk tspBSl8\" rel=\"nofollow noopener\" target=\"_blank\">Angst vor ukrainischen Drohnenattacken w\u00e4chst Jetzt evakuiert der n\u00e4chste russische Onlineh\u00e4ndler sein Lager <\/a><a href=\"https:\/\/www.tagesspiegel.de\/gesellschaft\/urlaub-in-flammen-plotzlich-ging-alles-rasend-schnell-15885839.html?icid=topic-list_15898668___\" data-gtm-class=\"article-mzt-link\" data-hydrate-fingerprint=\"09740a54944caac75fd2c0c63fd5c5df\" data-hydrate-props=\"{&amp;escapedquot;element&amp;escapedquot;:{&amp;escapedquot;type&amp;escapedquot;:&amp;escapedquot;relatedContent&amp;escapedquot;,&amp;escapedquot;fieldMap&amp;escapedquot;:{},&amp;escapedquot;relation&amp;escapedquot;:{&amp;escapedquot;fields&amp;escapedquot;:{&amp;escapedquot;isPaid&amp;escapedquot;:true},&amp;escapedquot;href&amp;escapedquot;:&amp;escapedquot;\/gesellschaft\/urlaub-in-flammen-plotzlich-ging-alles-rasend-schnell-15885839.html&amp;escapedquot;,&amp;escapedquot;teaserTitle&amp;escapedquot;:{&amp;escapedquot;kicker&amp;escapedquot;:&amp;escapedquot;Urlaub in Flammen&amp;escapedquot;,&amp;escapedquot;headline&amp;escapedquot;:&amp;escapedquot;\u201ePl\u00f6tzlich ging alles rasend schnell\u201c&amp;escapedquot;},&amp;escapedquot;id&amp;escapedquot;:&amp;escapedquot;15885839&amp;escapedquot;,&amp;escapedquot;type&amp;escapedquot;:&amp;escapedquot;story&amp;escapedquot;},&amp;escapedquot;isPartOfList&amp;escapedquot;:true,&amp;escapedquot;topicListType&amp;escapedquot;:&amp;escapedquot;topic-list&amp;escapedquot;},&amp;escapedquot;showArrow&amp;escapedquot;:true}\" data-hydrate-slots=\"{&#039;default&#039;:[]}\" class=\"tspBPkk tspBSl8\" rel=\"nofollow noopener\" target=\"_blank\">Urlaub in Flammen \u201ePl\u00f6tzlich ging alles rasend schnell\u201c <\/a><\/p>\n<p class=\"tspADdy\">Auch die Migrationsexpertin Ruth Ferrero-Turri\u00f3n von der Universidad Complutense in Madrid <a href=\"https:\/\/www.tagesspiegel.de\/internationales\/lage-in-ceuta-eskaliert-hat-marokko-die-krise-provoziert-15901397.html?icid=in-text-link_15898668\" class=\"link link--internal\" data-gtm-class=\"article-text-link\" data-gtm-val=\"internal\" rel=\"nofollow noopener\" target=\"_blank\">sagte dem Tagesspiegel<\/a>: \u201eOhne jeden Zweifel h\u00e4tte all dies nicht ohne die Unt\u00e4tigkeit der Beh\u00f6rden geschehen k\u00f6nnen.\u201c<\/p>\n<p class=\"tspADdy\">Ceuta bildet zusammen mit Melilla die einzige Landgrenze der Europ\u00e4ischen Union zum afrikanischen Kontinent. In beiden St\u00e4dten kommt es immer wieder zu Versuchen von Migranten, auf diesem Weg in die EU einzureisen. (Reuters, AFP, dpa, Tsp)<\/p>\n<p>Korrektur: Zun\u00e4chst stand im Text, neun Menschen seien beim Versuch, die Landgrenze zu \u00fcberqueren, gestorben. Offenbar starben die Menschen aber im Wasser. Zudem wurde der Begriff \u201eEnklave\u201c in \u201eExklave\u201c korrigiert.<\/p>\n","protected":false},"excerpt":{"rendered":"Spaniens Regierungschef Pedro S\u00e1nchez hat angesichts der europ\u00e4ischen Kritik am Umgang seines Landes mit der Migrationskrise in Ceuta&hellip;\n","protected":false},"author":2,"featured_media":77625,"comment_status":"","ping_status":"","sticky":false,"template":"","format":"standard","meta":{"footnotes":""},"categories":[4],"tags":[2864,10624,6616,304,240,408,21,22,1387,2640,78,4459,266,661,194],"class_list":["post-77636","post","type-post","status-publish","format-standard","has-post-thumbnail","category-eu","tag-afd","tag-alexander-dobrindt","tag-alice-weidel","tag-daenemark","tag-die-eu","tag-donald-trump","tag-eu","tag-europaeische-union","tag-finnland","tag-giorgia-meloni","tag-italien","tag-jugend","tag-oesterreich","tag-spanien","tag-usa"],"_links":{"self":[{"href":"https:\/\/www.europesays.com\/europa\/wp-json\/wp\/v2\/posts\/77636","targetHints":{"allow":["GET"]}}],"collection":[{"href":"https:\/\/www.europesays.com\/europa\/wp-json\/wp\/v2\/posts"}],"about":[{"href":"https:\/\/www.europesays.com\/europa\/wp-json\/wp\/v2\/types\/post"}],"author":[{"embeddable":true,"href":"https:\/\/www.europesays.com\/europa\/wp-json\/wp\/v2\/users\/2"}],"replies":[{"embeddable":true,"href":"https:\/\/www.europesays.com\/europa\/wp-json\/wp\/v2\/comments?post=77636"}],"version-history":[{"count":0,"href":"https:\/\/www.europesays.com\/europa\/wp-json\/wp\/v2\/posts\/77636\/revisions"}],"wp:featuredmedia":[{"embeddable":true,"href":"https:\/\/www.europesays.com\/europa\/wp-json\/wp\/v2\/media\/77625"}],"wp:attachment":[{"href":"https:\/\/www.europesays.com\/europa\/wp-json\/wp\/v2\/media?parent=77636"}],"wp:term":[{"taxonomy":"category","embeddable":true,"href":"https:\/\/www.europesays.com\/europa\/wp-json\/wp\/v2\/categories?post=77636"},{"taxonomy":"post_tag","embeddable":true,"href":"https:\/\/www.europesays.com\/europa\/wp-json\/wp\/v2\/tags?post=77636"}],"curies":[{"name":"wp","href":"https:\/\/api.w.org\/{rel}","templated":true}]}}