{"id":78833,"date":"2026-08-04T11:25:11","date_gmt":"2026-08-04T11:25:11","guid":{"rendered":"https:\/\/www.europesays.com\/europa\/78833\/"},"modified":"2026-08-04T11:25:11","modified_gmt":"2026-08-04T11:25:11","slug":"eqs-news-arbitrage-investment-ag-david-bolat-haelt-mittelbar-ca-2317-der-stimmrechte-ueber-die-hbc-europa-gmbh","status":"publish","type":"post","link":"https:\/\/www.europesays.com\/europa\/78833\/","title":{"rendered":"EQS-News: Arbitrage Investment AG: David Bolat h\u00e4lt mittelbar ca. 23,17 % der Stimmrechte \u00fcber die HBC Europa GmbH"},"content":{"rendered":"<p>EQS-News: Arbitrage Investment AG<\/p>\n<p> \/ Schlagwort(e): Sonstiges<\/p>\n<p>Arbitrage Investment AG: David Bolat h\u00e4lt mittelbar ca. 23,17 % der Stimmrechte \u00fcber die HBC Europa GmbH <\/p>\n<p>04.08.2026 \/ 12:53 CET\/CEST<br \/>F\u00fcr den Inhalt der Mitteilung ist der Emittent \/ Herausgeber verantwortlich.<\/p>\n<p>CORPORATE NEWS<\/p>\n<p>Arbitrage Investment AG: David Bolat h\u00e4lt mittelbar ca. 23,17 % der Stimmrechte \u00fcber die HBC Europa GmbH<\/p>\n<p>K\u00f6ln, 04. August 2026. Die Arbitrage Investment AG (WKN A3E5A2) gibt bekannt, dass Herr David Bolat mitgeteilt hat, mittelbar \u00fcber die HBC Europa GmbH, Pf\u00e4ffikon SZ (Schweiz), insgesamt 501.133 Aktien der Arbitrage Investment AG zu halten. Dies entspricht einer indirekten Beteiligung von ca. 23,17 % der ausgegebenen Stimmrechte.<\/p>\n<p>Die HBC Europa GmbH (Handelsregister Kanton Schwyz, CHE-151.193.045, Churerstrasse 158, 8808 Pf\u00e4ffikon SZ, Schweiz) h\u00e4lt direkt 2.105.600 Aktien der Arbitrage Investment AG, entsprechend 97,37 % des Grundkapitals. Herr David Bolat ist mit 23,8 % an der HBC Europa GmbH beteiligt und h\u00e4lt damit mittelbar 501.133 Aktien der Arbitrage Investment AG (ca. 23,17 % der Stimmrechte).<\/p>\n<p>Die Ver\u00f6ffentlichung erfolgt im Rahmen der freiwilligen Transparenz gegen\u00fcber den Anleihegl\u00e4ubigern (Unternehmensanleihe WKN A4DFCS) sowie Investoren und Platzierungspartnern der Gesellschaft.<\/p>\n<p>Kontakt:<\/p>\n<p>David Bolat<\/p>\n<p>Vorstand Assistent<\/p>\n<p>Max-Planck-Str. 22<\/p>\n<p>50858 K\u00f6ln<\/p>\n<p>www.arbitrageinvestment.de<\/p>\n<p>Telefon: +49 221 292473-10<\/p>\n<p>Fax: +49 221 292473-11<\/p>\n<p>HRB: 112260, AR-Vorsitz: Engin \u00d6zkan<\/p>\n<p>Diese Mitteilung enth\u00e4lt zukunftsgerichtete Aussagen, die auf aktuellen Erwartungen der Gesellschaft beruhen. Tats\u00e4chliche Ergebnisse k\u00f6nnen wesentlich abweichen. Diese Mitteilung stellt kein Angebot zum Kauf oder Verkauf von Wertpapieren dar. Nicht zur Verbreitung in den USA, Kanada, Australien oder Japan.<\/p>\n<p>04.08.2026 CET\/CEST Ver\u00f6ffentlichung einer Corporate News\/Finanznachricht, \u00fcbermittelt durch EQS News &#8211; ein Service der EQS Group.<br \/>F\u00fcr den Inhalt der Mitteilung ist der Emittent \/ Herausgeber verantwortlich.<\/p>\n<p>Die EQS Distributionsservices umfassen gesetzliche Meldepflichten, Corporate News\/Finanznachrichten und Pressemitteilungen.<br \/>Originalinhalt anzeigen: EQS News<\/p>\n","protected":false},"excerpt":{"rendered":"EQS-News: Arbitrage Investment AG \/ Schlagwort(e): Sonstiges Arbitrage Investment AG: David Bolat h\u00e4lt mittelbar ca. 23,17 % der&hellip;\n","protected":false},"author":2,"featured_media":1771,"comment_status":"","ping_status":"","sticky":false,"template":"","format":"standard","meta":{"footnotes":""},"categories":[3],"tags":[26382,18903,26384,26383,6,888,26385,10374,26386,144,26387],"class_list":["post-78833","post","type-post","status-publish","format-standard","has-post-thumbnail","category-europa","tag-arbitrage","tag-ber","tag-bolat","tag-david","tag-europa","tag-gmbh","tag-hlt","tag-investment","tag-mittelbar","tag-news","tag-stimmrechte"],"_links":{"self":[{"href":"https:\/\/www.europesays.com\/europa\/wp-json\/wp\/v2\/posts\/78833","targetHints":{"allow":["GET"]}}],"collection":[{"href":"https:\/\/www.europesays.com\/europa\/wp-json\/wp\/v2\/posts"}],"about":[{"href":"https:\/\/www.europesays.com\/europa\/wp-json\/wp\/v2\/types\/post"}],"author":[{"embeddable":true,"href":"https:\/\/www.europesays.com\/europa\/wp-json\/wp\/v2\/users\/2"}],"replies":[{"embeddable":true,"href":"https:\/\/www.europesays.com\/europa\/wp-json\/wp\/v2\/comments?post=78833"}],"version-history":[{"count":0,"href":"https:\/\/www.europesays.com\/europa\/wp-json\/wp\/v2\/posts\/78833\/revisions"}],"wp:featuredmedia":[{"embeddable":true,"href":"https:\/\/www.europesays.com\/europa\/wp-json\/wp\/v2\/media\/1771"}],"wp:attachment":[{"href":"https:\/\/www.europesays.com\/europa\/wp-json\/wp\/v2\/media?parent=78833"}],"wp:term":[{"taxonomy":"category","embeddable":true,"href":"https:\/\/www.europesays.com\/europa\/wp-json\/wp\/v2\/categories?post=78833"},{"taxonomy":"post_tag","embeddable":true,"href":"https:\/\/www.europesays.com\/europa\/wp-json\/wp\/v2\/tags?post=78833"}],"curies":[{"name":"wp","href":"https:\/\/api.w.org\/{rel}","templated":true}]}}