{"id":80067,"date":"2026-08-07T08:37:19","date_gmt":"2026-08-07T08:37:19","guid":{"rendered":"https:\/\/www.europesays.com\/europa\/80067\/"},"modified":"2026-08-07T08:37:19","modified_gmt":"2026-08-07T08:37:19","slug":"maerkte-europa-dax-legt-zu-deutsche-konjunktur-laeuft-besser","status":"publish","type":"post","link":"https:\/\/www.europesays.com\/europa\/80067\/","title":{"rendered":"M\u00c4RKTE EUROPA\/DAX legt zu &#8211; Deutsche Konjunktur l\u00e4uft besser"},"content":{"rendered":"<p>DJ M\u00c4RKTE EUROPA\/DAX legt zu &#8211; Deutsche Konjunktur l\u00e4uft besser\n<\/p>\n<p>DOW JONES&#8211;Mit weiteren Kursgewinnen sind die europ\u00e4ischen B\u00f6rsen am Freitag in den Handel gestartet. Vor allem den DAX treiben erneut gute Konjunkturdaten aus Deutschland. Der Index steigt um 0,6 Prozent auf 26.290 Punkte, der Euro-Stoxx-50 steigt 0,4 Prozent auf 6.526 Z\u00e4hler. Daneben wird aber auf den US-Arbeitsmarktbericht am Nachmittag gewartet. Neuigkeiten zur Lage um die Stra\u00dfe von Hormus gibt es wenige, die \u00d6lpreise ziehen wieder leicht an &#8211; Brent klettert \u00fcber 83 Dollar das Fass.\n<\/p>\n<p>Gute Konjunkturnachrichten gibt es von mehreren Seiten: In China sprangen die Exporte um fast 24 Prozent zum Vorjahr an, was auf eine Belebung der internationalen Nachfrage im Juli deutet. Schon im Wochenverlauf hatten auch in Europa diverse Konjunkturdaten nach oben gezeigt. Selbst in Deutschland sei die Lage besser als die Stimmung, hie\u00df es dazu vom Verm\u00f6gensverwalter DWS. Wachstumsdaten, Fr\u00fchindikatoren und Finanzm\u00e4rkte zeichneten ein robusteres Bild der deutschen Wirtschaft, als die \u00f6ffentliche Debatte vermuten lasse.\n<\/p>\n<p>Auch die aktuellen Daten zur deutschen Industrieproduktion und den Exporten passen ins Bild: Der DAX k\u00f6nnte wieder als &#8222;unterbewertetes Konjunktur-Play entdeckt&#8220; werden, hei\u00dft es im Handel. Dies st\u00fctzte weitere DAX-Rekorde auch fundamental. Die Industrieproduktion legte im Juni um 0,2 Prozent zum Vormonat zu, die Exporte kletterten um 0,9 Prozent zum Mai. &#8222;Das zweite Quartal war f\u00fcr die deutsche Industrie ein gutes&#8220;, sagt Chef-Volkswirt Thomas Gitzel von der VP Bank.\n<\/p>\n<p>US-Arbeitsmarkt wegen Fed-Politik im Fokus\n<\/p>\n<p>Am Nachmittag im Fokus steht der monatliche US-Arbeitsmarktbericht gilt als Grundlage f\u00fcr k\u00fcnftige Entscheidungen der US-Notenbank. Erwartet werden rund 83.000 neue Stellen. Ein schwacher Bericht k\u00f6nnte als Begr\u00fcndung genutzt werden, den Inflationsanstieg weiter nicht mit einer Zinserh\u00f6hung bek\u00e4mpfen zu wollen. Marktteilnehmer verweisen dabei auf die ge\u00e4nderte Kommunikation der Fed.\n<\/p>\n<p>&#8222;Es geht weniger um das aktuelle Zinsniveau als um Vertrauen in die n\u00e4chsten Schritte. Wenn die Notenbank ihre Sicht auf Konjunktur und Inflation nicht klar genug einordnet, entsteht ein Vakuum. Und dieses Vakuum f\u00fcllen M\u00e4rkte mit eigenen Annahmen. Glaubw\u00fcrdigkeit ist dabei die zentrale W\u00e4hrung: Sie wird \u00fcber Jahre aufgebaut, kann aber durch wenige ungl\u00fcckliche Auftritte schnell besch\u00e4digt werden&#8220;, betont Marktstratege Felipe Villarroel von TwentyFour Asset Management.\n<\/p>\n<p>Wer der Fed nicht mehr zutraue, Preisstabilit\u00e4t zu sichern, verlange daf\u00fcr schnell einen sp\u00fcrbaren Aufschlag. Sollte deren Glaubw\u00fcrdigkeit erodieren, stecke in den Renditen noch viel Luft nach oben. Die wichtigen 10-jahres Renditen der US-Bonds zeigen sich am Morgen knapp unter 4,70 Prozent.\n<\/p>\n<p>Die Berichtssaison der Unternehmen liefert am Freitag weitere Zahlen. Bei Daimler Truck (-2,9%) und Munich Re (-3,1%) wurden finale Zahlen vorgelegt. Der Markt moniert hier zumeist Details. So merkt JP Morgan bei Munich Re an, dass die Einnahmen im Bereich Schaden- und Unfallr\u00fcckversicherung im zweiten Quartal st\u00e4rker als vom Markt veranschlagt zur\u00fcckgegangen seien.\n<\/p>\n<p>Neue Gesch\u00e4ftszahlen kommen von Lanxess (-3,7%) und Allianz (-0,9%). Bei allen Unternehmen werde viel \u00fcber einzelne Aspekte diskutiert, klare Einsch\u00e4tzungen gebe es dazu weiter nicht, hei\u00dft es im Handel. Auch die Kommentare der Analysten verl\u00f6ren sich in Detaildiskussionen. So moniert die RBC bei Allianz die Entwicklung im Bereich P&amp;C sowie die Einnahmen des Konzerns. Diese Entwicklung habe man bereits bei Zurich Insurance beobachten k\u00f6nnen. Nur bei Brenntag wird der erneut erh\u00f6hte Jahresausblick mit 2,2 Prozent Plus belohnt.\n<\/p>\n<p>===<br \/>\nINDEX          zuletzt +\/- %  +\/- abs. Schluss Vortag +\/- % YTD<br \/>\nEuro-Stoxx-50      6.526,45  +0,4   23,89    6.502,56    12,7<br \/>\nStoxx-50        5.534,07  +0,5   26,80    5.507,27    12,5<br \/>\nDAX          26.289,67  +0,6   149,54    26.140,13    7,4<br \/>\nMDAX          32.524,19  +0,3   93,07    27.039,42    6,2<br \/>\nTecDAX         4.070,45  +1,7   69,46    3.091,28    12,4<br \/>\nSDAX          18.679,16  +0,6   114,35    13.062,07    8,8<br \/>\nFTSE          10.887,47  +0,2   19,58    10.867,89    9,6<br \/>\nCAC           8.729,06  +0,3   29,35    8.699,71    7,1<br \/>\nSMI          14.588,78  +0,5   70,03    14.518,75    10,0<br \/>\nATX           6.715,06  -0,4   -29,60    6.744,66    26,1 <\/p>\n<p>DEVISEN         zuletzt +\/- %  +\/- abs. Schluss Vortag Do, 17:15<br \/>\nEUR\/USD          1,1520  -0,0  -0,0004     1,1524   1,1528<br \/>\nEUR\/JPY          182,47  -0,1  -0,0900     182,56  182,6100<br \/>\nEUR\/CHF          0,9352  -0,1  -0,0005     0,9357   0,9349<br \/>\nEUR\/GBP          0,8567  +0,0   0,0003     0,8564   0,8564<br \/>\nUSD\/JPY          158,4  -0,0  -0,0200     158,42  158,3900<br \/>\nGBP\/USD          1,3446  -0,1  -0,0007     1,3453   1,3455<br \/>\nUSD\/CNY          6,7466  -0,0  -0,0022     6,7488   6,7488<br \/>\nUSD\/CNH          6,7461  -0,0  -0,0020     6,7481   6,7483<br \/>\nAUS\/USD          0,7034  +0,1   0,0004      0,703   0,7036<br \/>\nBitcoin\/USD      64.318,27  -0,1   -84,22    64.402,49 64.808,86 <\/p>\n<p>ROH\u00d6L          zuletzt +\/- %  +\/- abs. Schluss Vortag<br \/>\nWTI\/Nymex         77,83  +0,7    0,54      77,29<br \/>\nBrent\/ICE          83,3  +1,0    0,81      82,49 <\/p>\n<p>Metalle         zuletzt +\/- %  +\/- abs. Schluss Vortag<br \/>\nGold          4.284,59  +1,1   45,36    4.239,23<br \/>\nSilber           63,68  +3,6    2,20      61,48<br \/>\nPlatin         1.755,45  +1,5   26,20    1.729,25<br \/>\n(Angaben ohne Gew\u00e4hr)<br \/>\n=== <\/p>\n<p>Kontakt zum Autor: maerkte.de@dowjones.com\n<\/p>\n<p>DJG\/mod\/flf\n<\/p>\n<p>(END) Dow Jones Newswires\n<\/p>\n<p>August 07, 2026 03:47 ET (07:47 GMT)\n<\/p>\n<p>Copyright (c) 2026 Dow Jones &amp; Company, Inc.<\/p>\n","protected":false},"excerpt":{"rendered":"DJ M\u00c4RKTE EUROPA\/DAX legt zu &#8211; Deutsche Konjunktur l\u00e4uft besser DOW JONES&#8211;Mit weiteren Kursgewinnen sind die europ\u00e4ischen B\u00f6rsen&hellip;\n","protected":false},"author":2,"featured_media":79415,"comment_status":"","ping_status":"","sticky":false,"template":"","format":"standard","meta":{"footnotes":""},"categories":[3],"tags":[26816,7920,6,5036,8448,944,10524],"class_list":["post-80067","post","type-post","status-publish","format-standard","has-post-thumbnail","category-europa","tag-besser","tag-deutsche","tag-europa","tag-konjunktur","tag-legt","tag-luft","tag-mrkte"],"_links":{"self":[{"href":"https:\/\/www.europesays.com\/europa\/wp-json\/wp\/v2\/posts\/80067","targetHints":{"allow":["GET"]}}],"collection":[{"href":"https:\/\/www.europesays.com\/europa\/wp-json\/wp\/v2\/posts"}],"about":[{"href":"https:\/\/www.europesays.com\/europa\/wp-json\/wp\/v2\/types\/post"}],"author":[{"embeddable":true,"href":"https:\/\/www.europesays.com\/europa\/wp-json\/wp\/v2\/users\/2"}],"replies":[{"embeddable":true,"href":"https:\/\/www.europesays.com\/europa\/wp-json\/wp\/v2\/comments?post=80067"}],"version-history":[{"count":0,"href":"https:\/\/www.europesays.com\/europa\/wp-json\/wp\/v2\/posts\/80067\/revisions"}],"wp:featuredmedia":[{"embeddable":true,"href":"https:\/\/www.europesays.com\/europa\/wp-json\/wp\/v2\/media\/79415"}],"wp:attachment":[{"href":"https:\/\/www.europesays.com\/europa\/wp-json\/wp\/v2\/media?parent=80067"}],"wp:term":[{"taxonomy":"category","embeddable":true,"href":"https:\/\/www.europesays.com\/europa\/wp-json\/wp\/v2\/categories?post=80067"},{"taxonomy":"post_tag","embeddable":true,"href":"https:\/\/www.europesays.com\/europa\/wp-json\/wp\/v2\/tags?post=80067"}],"curies":[{"name":"wp","href":"https:\/\/api.w.org\/{rel}","templated":true}]}}