{"id":80734,"date":"2026-08-09T16:48:10","date_gmt":"2026-08-09T16:48:10","guid":{"rendered":"https:\/\/www.europesays.com\/europa\/80734\/"},"modified":"2026-08-09T16:48:10","modified_gmt":"2026-08-09T16:48:10","slug":"gefahr-durch-drohnen-studie-europa-nicht-gut-auf-drohnenangriffe-vorbereitet","status":"publish","type":"post","link":"https:\/\/www.europesays.com\/europa\/80734\/","title":{"rendered":"Gefahr durch Drohnen: Studie: Europa nicht gut auf Drohnenangriffe vorbereitet"},"content":{"rendered":"<p class=\"mb-6 text-xs-varying md:text-m lg:text-l font-serif group-[.font-sans]:font-sans \">\n    Eine Studie des Londoner International Institutes for Strategic Studies (IISS), an der auch die CSU-nahe Hanns-Seidel-Stiftung beteiligt war, stellt Europa kein gutes Zeugnis bei der Bek\u00e4mpfung russischer Drohnenangriffe aus. Die europ\u00e4ischen Staaten seien derzeit nicht einmal in der Lage, die Angriffe durch Drohnen &#8211; etwa auf Flugh\u00e4fen oder auch sensible Milit\u00e4reinrichtungen &#8211; eindeutig Russland zuzuordnen, hei\u00dft es in dem Papier der Londoner Denkfabrik. Es sei jedoch \u201esehr wahrscheinlich\u201c, dass Russland eine Kampagne gegen Europa gestartet habe. Die Studie wurde Anfang Juli erstmals ver\u00f6ffentlichte; die Hanns-Seidel-Stiftung machte angesichts des Drohnen-Vorfalls in Leipzig nun erneut darauf aufmerksam. Zuvor berichtete der \u201eTagesspiegel\u201c dar\u00fcber.\n  <\/p>\n<p class=\"mb-6 text-xs-varying md:text-m lg:text-l font-serif group-[.font-sans]:font-sans \">\n    \u201eUnser wesentliches Urteil ist, dass Europas derzeitige Anti-Drohnen-Architektur noch nicht auf der H\u00f6he der Bedrohung ist, obwohl die Nato, die EU und die nationalen Regierungen inzwischen dem Thema mehr Aufmerksamkeit schenken\u201c, schreiben die Autoren der Studie. Die Beh\u00f6rden seien gespalten, die Optionen, die als Antwort auf Angriffe zur Verf\u00fcgung st\u00fcnden, nicht ausreichend. In den L\u00e4ndern werde zu stark national gedacht, statt \u00fcber ganz Europa die Punkte zusammenzuf\u00fchren, kritisierten die Wissenschaftler.\n  <\/p>\n<p class=\"mb-6 text-xs-varying md:text-m lg:text-l font-serif group-[.font-sans]:font-sans \">\n    \u201eEs ist alarmierend: Europa ist auf diese Form hybrider Bedrohung bislang nicht ausreichend vorbereitet\u201c, sagte der Vorsitzende der Hanns-Seidel-Stiftung, Bayerns CSU-Fraktionschef im Landtag, Klaus Holetschek. Insgesamt seien 144 F\u00e4lle zwischen August 2024 und Februar 2026 in zw\u00f6lf Nato-Staaten sowie in Irland untersucht worden.\n  <\/p>\n","protected":false},"excerpt":{"rendered":"Eine Studie des Londoner International Institutes for Strategic Studies (IISS), an der auch die CSU-nahe Hanns-Seidel-Stiftung beteiligt war,&hellip;\n","protected":false},"author":2,"featured_media":80735,"comment_status":"","ping_status":"","sticky":false,"template":"","format":"standard","meta":{"footnotes":""},"categories":[3],"tags":[250,1112,8906,21,6,26966,2594,41,35,26872],"class_list":["post-80734","post","type-post","status-publish","format-standard","has-post-thumbnail","category-europa","tag-csu","tag-drohne","tag-drohnenangriff","tag-eu","tag-europa","tag-hanns-seidel-stiftung","tag-leipzig","tag-nato","tag-russland","tag-tagesspiegel"],"_links":{"self":[{"href":"https:\/\/www.europesays.com\/europa\/wp-json\/wp\/v2\/posts\/80734","targetHints":{"allow":["GET"]}}],"collection":[{"href":"https:\/\/www.europesays.com\/europa\/wp-json\/wp\/v2\/posts"}],"about":[{"href":"https:\/\/www.europesays.com\/europa\/wp-json\/wp\/v2\/types\/post"}],"author":[{"embeddable":true,"href":"https:\/\/www.europesays.com\/europa\/wp-json\/wp\/v2\/users\/2"}],"replies":[{"embeddable":true,"href":"https:\/\/www.europesays.com\/europa\/wp-json\/wp\/v2\/comments?post=80734"}],"version-history":[{"count":0,"href":"https:\/\/www.europesays.com\/europa\/wp-json\/wp\/v2\/posts\/80734\/revisions"}],"wp:featuredmedia":[{"embeddable":true,"href":"https:\/\/www.europesays.com\/europa\/wp-json\/wp\/v2\/media\/80735"}],"wp:attachment":[{"href":"https:\/\/www.europesays.com\/europa\/wp-json\/wp\/v2\/media?parent=80734"}],"wp:term":[{"taxonomy":"category","embeddable":true,"href":"https:\/\/www.europesays.com\/europa\/wp-json\/wp\/v2\/categories?post=80734"},{"taxonomy":"post_tag","embeddable":true,"href":"https:\/\/www.europesays.com\/europa\/wp-json\/wp\/v2\/tags?post=80734"}],"curies":[{"name":"wp","href":"https:\/\/api.w.org\/{rel}","templated":true}]}}