{"id":83281,"date":"2026-08-15T11:23:20","date_gmt":"2026-08-15T11:23:20","guid":{"rendered":"https:\/\/www.europesays.com\/europa\/83281\/"},"modified":"2026-08-15T11:23:20","modified_gmt":"2026-08-15T11:23:20","slug":"groesste-marienstatue-europas-in-polen-eingeweiht","status":"publish","type":"post","link":"https:\/\/www.europesays.com\/europa\/83281\/","title":{"rendered":"Gr\u00f6\u00dfte Marienstatue Europas in Polen eingeweiht"},"content":{"rendered":"<p>Monument der Superlative <\/p>\n<p>Gr\u00f6\u00dfte Marienstatue Europas in Polen eingeweiht<\/p>\n<p>Aktualisiert am 15.08.2026 &#8211; 12:44 UhrLesedauer: 2 Min.<\/p>\n<p><a href=\"#focus-0\" class=\"transition-colors block text-current relative\" data-sctrack=\"FocusGalleryImage.Reference\"><img fetchpriority=\"high\" data-testid=\"Opener.Image\"   loading=\"eager\" src=\"https:\/\/www.europesays.com\/europa\/wp-content\/uploads\/2026\/08\/die-marienstatue-im-polnischen-dorf-konotopie-gilt-als-die-hoechste-europas.jpg\" alt=\"Gigantische Marienstatue in Polens Provinz\" title=\"Gigantische Marienstatue in Polens Provinz\" width=\"2048\" height=\"1152\" class=\"bg-[url:var(--lqipURL)] bg-cover bg-center flex h-full w-full max-w-full\" style=\"--lqipURL:url('https:\/\/images.t-online.de\/2026\/08\/7mIaGVecaVDF\/0x107:2048x1152\/fit-in\/150x0\/filters:blur(25)\/die-marienstatue-im-polnischen-dorf-konotopie-gilt-als-die-hoechste-europas.jpg')\" decoding=\"async\"\/><img loading=\"lazy\" src=\"https:\/\/www.t-online.de\/s\/paper\/_next\/static\/media\/zoom-in.f7dae02f.svg\" alt=\"Vergr\u00f6\u00dfern des Bildes\" title=\"Vergr\u00f6\u00dfern des Bildes\" class=\"block h-[calc(var(--height)_\/_16_*_1rem)] w-[calc(var(--width)_\/_16_*_1rem)] max-w-none absolute right-8 bottom-8 rounded-4 bg-snow p-8\" style=\"--width:32;--height:32\" decoding=\"async\"\/><\/a><\/p>\n<p>Die Marienstatue im polnischen Dorf Konotopie gilt als die h\u00f6chste Europas. (Quelle: Doris Heimann\/dpa\/dpa-bilder)<\/p>\n<p><img loading=\"lazy\" src=\"https:\/\/www.t-online.de\/s\/paper\/_next\/static\/media\/audio-volume.6689034c.svg\" alt=\"\" title=\"\" class=\"block h-[calc(var(--height)_\/_16_*_1rem)] w-[calc(var(--width)_\/_16_*_1rem)] max-w-none group-hover:brightness-0 group-hover:invert\" style=\"--width:16;--height:16\" decoding=\"async\"\/>Vorlesen<\/p>\n<p>Aktuelle Zeit:0:00Gesamtdauer:0:00<\/p>\n<p>1x<\/p>\n<p class=\"text-center\">Jetzt neu bei t-online:<\/p>\n<p class=\"text-center\">Schriftgr\u00f6\u00dfe anpassen!<\/p>\n<p><img loading=\"lazy\" src=\"https:\/\/www.t-online.de\/s\/paper\/_next\/static\/media\/font-sizes.32942e33.svg\" alt=\"\" title=\"\" class=\"block h-[calc(var(--height)_\/_16_*_1rem)] w-[calc(var(--width)_\/_16_*_1rem)] max-w-none group-hover:hidden group-aria-expanded:hidden\" style=\"--width:16;--height:16\" decoding=\"async\"\/><img loading=\"lazy\" src=\"https:\/\/www.t-online.de\/s\/paper\/_next\/static\/media\/font-sizes-dark-mode.e382645c.svg\" alt=\"\" title=\"\" class=\"block h-[calc(var(--height)_\/_16_*_1rem)] w-[calc(var(--width)_\/_16_*_1rem)] max-w-none hidden group-hover:block group-aria-expanded:block\" style=\"--width:16;--height:16\" decoding=\"async\"\/><img loading=\"lazy\" src=\"https:\/\/www.t-online.de\/s\/paper\/_next\/static\/media\/sharing-menu-icon.1eb71368.svg\" alt=\"\" title=\"\" class=\"block h-[calc(var(--height)_\/_16_*_1rem)] w-[calc(var(--width)_\/_16_*_1rem)] max-w-none group-hover:brightness-0 group-hover:invert\" style=\"--width:16;--height:16\" decoding=\"async\"\/>Artikel teilen<\/p>\n<p class=\"font-bold text-18 leading-17 user-text-lg:text-22 user-text-xl:text-24\">Mehr als 55 Meter hoch: In Polen ist eine gigantische Marienfigur eingeweiht worden. Sie hat jedoch nicht nur Fans.<\/p>\n<p class=\"text-18 leading-17 user-text-lg:text-22 user-text-xl:text-24\">Mit einem feierlichen Gottesdienst ist in <a href=\"https:\/\/www.t-online.de\/themen\/polen\/\" class=\"transition-colors cursor-pointer no-underline md:hover:text-magenta md:focus:text-magenta border-b border-solid border-current text-salemsfur md:hover:border-magenta\" data-tracking=\"{&quot;action&quot;:&quot;click&quot;,&quot;category&quot;:&quot;intextLink&quot;,&quot;label&quot;:&quot;\/themen\/polen\/&quot;}\" data-sctrack=\"BodyAnchor\" rel=\"nofollow noopener\" target=\"_blank\">Polen<\/a> eine riesige Marienstatue eingeweiht worden. Das neue Bauwerk mit einer Gesamth\u00f6he von mehr als 55 Metern gilt als gr\u00f6\u00dfte Marienfigur in Europa. Das &#8222;Denkmal f\u00fcr die Gottesmutter&#8220; (&#8222;Pomnik Matki Boskiej&#8220;) steht in dem Dorf Konotopie bei Torun, rund 190 Kilometer nordwestlich von <a href=\"https:\/\/www.t-online.de\/themen\/warschau\/\" class=\"transition-colors cursor-pointer no-underline md:hover:text-magenta md:focus:text-magenta border-b border-solid border-current text-salemsfur md:hover:border-magenta\" data-tracking=\"{&quot;action&quot;:&quot;click&quot;,&quot;category&quot;:&quot;intextLink&quot;,&quot;label&quot;:&quot;\/themen\/warschau\/&quot;}\" data-sctrack=\"BodyAnchor\" rel=\"nofollow noopener\" target=\"_blank\">Warschau<\/a>. Die Statue selbst ist 40,6 Meter hoch. Ihr Sockel in Form einer Krone misst 15 Meter H\u00f6he. <\/p>\n<p class=\"text-18 leading-17 user-text-lg:text-22 user-text-xl:text-24\">Das Marien-Monument wurde von einem privaten Stifter errichtet. Der Unternehmer Roman Karkosik ist einer der reichsten M\u00e4nner Polens. Der 75-J\u00e4hrige hat es in der Autozuliefererbranche zu einem Verm\u00f6gen gebracht und z\u00e4hlt zu den bekanntesten polnischen B\u00f6rseninvestoren. Zu seiner Motivation f\u00fcr den Bau sagte der Multimillion\u00e4r der &#8222;Financial Times&#8220; lediglich, er habe die Statue &#8222;aus Dankbarkeit gegen\u00fcber Maria&#8220; errichten lassen. Das polnische Fachportal &#8222;Architektura Murator&#8220; sch\u00e4tzte die Baukosten auf umgerechnet 23 Millionen Euro.<\/p>\n<p>Nicht das einzige XXL-Denkmal<\/p>\n<p class=\"text-18 leading-17 user-text-lg:text-22 user-text-xl:text-24\">Die XXL-Maria von Konotopie ist nicht der erste gro\u00dfe Sakralbau dieser Art in Polen. Bereits seit 2010 gibt es in Swiebodzin unweit der Grenze zu Deutschland eine riesige Jesusfigur. Die Statue lehnt sich an das ber\u00fchmte Vorbild im brasilianischen <a href=\"https:\/\/www.t-online.de\/themen\/rio-de-janeiro\/\" class=\"transition-colors cursor-pointer no-underline md:hover:text-magenta md:focus:text-magenta border-b border-solid border-current text-salemsfur md:hover:border-magenta\" data-tracking=\"{&quot;action&quot;:&quot;click&quot;,&quot;category&quot;:&quot;intextLink&quot;,&quot;label&quot;:&quot;\/themen\/rio-de-janeiro\/&quot;}\" data-sctrack=\"BodyAnchor\" rel=\"nofollow noopener\" target=\"_blank\">Rio de Janeiro<\/a> an. Die Figur misst mit Krone 36 Meter. Finanziert wurde dieses Projekt seinerzeit aus Spendengeldern.<\/p>\n<p class=\"text-18 leading-17 user-text-lg:text-22 user-text-xl:text-24\">W\u00e4hrend die B\u00fcrger in Konotopie vor allem auf einen Zustrom von Touristen und Pilgern hoffen, gibt es in der polnischen \u00d6ffentlichkeit auch Kritik an dem Bauwerk. So nannte der Dominikaner-Pater Pawel Guzynski die Statue einen &#8222;King Kong auf dem Feld&#8220;. Das ganze Vorhaben sei eine Form des Tanzes um das goldene Kalb, sagte der Geistliche dem Sender Radio Z in Anspielung auf eine biblische Erz\u00e4hlung \u00fcber G\u00f6tzenverehrung.<\/p>\n","protected":false},"excerpt":{"rendered":"Monument der Superlative Gr\u00f6\u00dfte Marienstatue Europas in Polen eingeweiht Aktualisiert am 15.08.2026 &#8211; 12:44 UhrLesedauer: 2 Min. Die&hellip;\n","protected":false},"author":2,"featured_media":83282,"comment_status":"","ping_status":"","sticky":false,"template":"","format":"standard","meta":{"footnotes":""},"categories":[3],"tags":[6,27612,27611,1885,27615,27610,9696],"class_list":["post-83281","post","type-post","status-publish","format-standard","has-post-thumbnail","category-europa","tag-europa","tag-konotopie","tag-marienstatue","tag-polen","tag-roman-karkosik","tag-torun","tag-warschau"],"_links":{"self":[{"href":"https:\/\/www.europesays.com\/europa\/wp-json\/wp\/v2\/posts\/83281","targetHints":{"allow":["GET"]}}],"collection":[{"href":"https:\/\/www.europesays.com\/europa\/wp-json\/wp\/v2\/posts"}],"about":[{"href":"https:\/\/www.europesays.com\/europa\/wp-json\/wp\/v2\/types\/post"}],"author":[{"embeddable":true,"href":"https:\/\/www.europesays.com\/europa\/wp-json\/wp\/v2\/users\/2"}],"replies":[{"embeddable":true,"href":"https:\/\/www.europesays.com\/europa\/wp-json\/wp\/v2\/comments?post=83281"}],"version-history":[{"count":0,"href":"https:\/\/www.europesays.com\/europa\/wp-json\/wp\/v2\/posts\/83281\/revisions"}],"wp:featuredmedia":[{"embeddable":true,"href":"https:\/\/www.europesays.com\/europa\/wp-json\/wp\/v2\/media\/83282"}],"wp:attachment":[{"href":"https:\/\/www.europesays.com\/europa\/wp-json\/wp\/v2\/media?parent=83281"}],"wp:term":[{"taxonomy":"category","embeddable":true,"href":"https:\/\/www.europesays.com\/europa\/wp-json\/wp\/v2\/categories?post=83281"},{"taxonomy":"post_tag","embeddable":true,"href":"https:\/\/www.europesays.com\/europa\/wp-json\/wp\/v2\/tags?post=83281"}],"curies":[{"name":"wp","href":"https:\/\/api.w.org\/{rel}","templated":true}]}}