{"id":84022,"date":"2026-08-17T15:21:09","date_gmt":"2026-08-17T15:21:09","guid":{"rendered":"https:\/\/www.europesays.com\/europa\/84022\/"},"modified":"2026-08-17T15:21:09","modified_gmt":"2026-08-17T15:21:09","slug":"eu-plaene-fuer-chatcontrol-soll-sie-private-nachrichten-scannen-jetzt-abstimmen","status":"publish","type":"post","link":"https:\/\/www.europesays.com\/europa\/84022\/","title":{"rendered":"EU-Pl\u00e4ne f\u00fcr Chatcontrol: Soll sie private Nachrichten scannen? Jetzt abstimmen"},"content":{"rendered":"<p>Chat Control wurde erstmals 2021 entwickelt und liegt nun in abgeschw\u00e4chter Form zur Genehmigung vor. Die Initiative der Europ\u00e4ischen Union soll helfen, Darstellungen des sexuellen Missbrauchs von Kindern (CSAM) zu bek\u00e4mpfen. Vorgesehen sind Regeln, nach denen Messenger-Dienste, soziale Netzwerke und E-Mail-Anbieter private digitale Kommunikation auf illegale Inhalte durchsuchen d\u00fcrfen. Der Gesetzgebungsprozess stockt: Das Europ\u00e4ische Parlament und der Rat konnten sich bislang nicht auf einen endg\u00fcltigen Text einigen.<\/p>\n<p>          <img decoding=\"async\" class=\"c-ad__placeholder__logo\" src=\"https:\/\/static.euronews.com\/website\/images\/logos\/logo-euronews-stacked-outlined-72x72-grey-9.svg\" width=\"72\" height=\"72\" alt=\"\" loading=\"lazy\"\/><br \/>\n          WERBUNG<\/p>\n<p>          <img decoding=\"async\" class=\"c-ad__placeholder__logo\" src=\"https:\/\/static.euronews.com\/website\/images\/logos\/logo-euronews-stacked-outlined-72x72-grey-9.svg\" width=\"72\" height=\"72\" alt=\"\" loading=\"lazy\"\/><br \/>\n          WERBUNG<\/p>\n<p>Bef\u00fcrworter betonen, dass automatisierte digitale Werkzeuge n\u00f6tig seien, um Kinder im Netz besser zu sch\u00fctzen. Datensch\u00fctzer und Sicherheitsexperten warnen jedoch, dass die Pl\u00e4ne letztlich eine Massen\u00fcberwachung legalisieren k\u00f6nnten.<\/p>\n<p>Der Gesetzgebungsprozess ist in zwei Vorhaben gegliedert: eine \u00dcbergangsregelung (Chat Control 1.0) und eine dauerhafte Regulierung (Chat Control 2.0). Chat Control 1.0 schafft eine Ausnahme von der EU-ePrivacy-Richtlinie. Plattformen d\u00fcrfen unverschl\u00fcsselte Kommunikation auf freiwilliger Basis scannen. Chat Control 2.0 ist der Vorschlag der Kommission f\u00fcr ein dauerhaftes, verpflichtendes Gesetz.<\/p>\n<p>Im Mittelpunkt der Debatte steht die Ende-zu-Ende-Verschl\u00fcsselung, mit der Apps sicherstellen sollen, dass nur Absender und Empf\u00e4nger Nachrichten lesen k\u00f6nnen. Damit auch verschl\u00fcsselte Inhalte gepr\u00fcft werden k\u00f6nnen, verlangt der Entwurf von Technikunternehmen den Einsatz von \u201eClient-side-Scanning\u201c. Die Software greift direkt auf dem Ger\u00e4t der Nutzerin oder des Nutzers ein und analysiert Nachrichten, bevor sie verschl\u00fcsselt werden.<\/p>\n<p>Organisationen f\u00fcr digitale Rechte und technische Fachleute warnen, dass die automatisierten KI-Filter f\u00fcr diese Scans unzuverl\u00e4ssig sind und h\u00e4ufig Fehlalarme ausl\u00f6sen. Gew\u00f6hnliche Familienfotos oder Nachrichten k\u00f6nnten als illegal markiert werden. Das w\u00fcrde automatische Meldungen an Strafverfolgungsbeh\u00f6rden ausl\u00f6sen und die Unschuldsvermutung verw\u00e4ssern.<\/p>\n<p>Sollten Nutzer Sicherheit \u00fcber Privatsph\u00e4re stellen? Reicht eine KI-L\u00f6sung aus? Unsere Umfrage ist anonym und dauert nur wenige Sekunden. Die Ergebnisse flie\u00dfen in unsere EU-weite XL-Berichterstattung ein \u2013 in Videos, Artikeln und Newslettern \u2013 und helfen, unsere Berichterstattung zu bereichern, wenn wir untersuchen, wie Europa seine Position im Zeitalter der K\u00fcnstlichen Intelligenz sichern kann.<\/p>\n","protected":false},"excerpt":{"rendered":"Chat Control wurde erstmals 2021 entwickelt und liegt nun in abgeschw\u00e4chter Form zur Genehmigung vor. Die Initiative der&hellip;\n","protected":false},"author":2,"featured_media":84023,"comment_status":"","ping_status":"","sticky":false,"template":"","format":"standard","meta":{"footnotes":""},"categories":[4],"tags":[253,21,492,22,3780],"class_list":["post-84022","post","type-post","status-publish","format-standard","has-post-thumbnail","category-eu","tag-digitalisierung","tag-eu","tag-eu-politik","tag-europaeische-union","tag-mobile-app"],"_links":{"self":[{"href":"https:\/\/www.europesays.com\/europa\/wp-json\/wp\/v2\/posts\/84022","targetHints":{"allow":["GET"]}}],"collection":[{"href":"https:\/\/www.europesays.com\/europa\/wp-json\/wp\/v2\/posts"}],"about":[{"href":"https:\/\/www.europesays.com\/europa\/wp-json\/wp\/v2\/types\/post"}],"author":[{"embeddable":true,"href":"https:\/\/www.europesays.com\/europa\/wp-json\/wp\/v2\/users\/2"}],"replies":[{"embeddable":true,"href":"https:\/\/www.europesays.com\/europa\/wp-json\/wp\/v2\/comments?post=84022"}],"version-history":[{"count":0,"href":"https:\/\/www.europesays.com\/europa\/wp-json\/wp\/v2\/posts\/84022\/revisions"}],"wp:featuredmedia":[{"embeddable":true,"href":"https:\/\/www.europesays.com\/europa\/wp-json\/wp\/v2\/media\/84023"}],"wp:attachment":[{"href":"https:\/\/www.europesays.com\/europa\/wp-json\/wp\/v2\/media?parent=84022"}],"wp:term":[{"taxonomy":"category","embeddable":true,"href":"https:\/\/www.europesays.com\/europa\/wp-json\/wp\/v2\/categories?post=84022"},{"taxonomy":"post_tag","embeddable":true,"href":"https:\/\/www.europesays.com\/europa\/wp-json\/wp\/v2\/tags?post=84022"}],"curies":[{"name":"wp","href":"https:\/\/api.w.org\/{rel}","templated":true}]}}